{"id":22474,"date":"2024-12-19T15:43:34","date_gmt":"2024-12-19T18:43:34","guid":{"rendered":"https:\/\/jm-metropole.com.br\/site\/?p=22474"},"modified":"2024-12-19T15:43:34","modified_gmt":"2024-12-19T18:43:34","slug":"abelzinho-sera-o-novo-secretario-de-governo-de-aruja-em-2025","status":"publish","type":"post","link":"https:\/\/jm-metropole.com.br\/site\/abelzinho-sera-o-novo-secretario-de-governo-de-aruja-em-2025\/","title":{"rendered":"ABELZINHO ser\u00e1 o novo Secret\u00e1rio de Governo de Aruj\u00e1 em 2025"},"content":{"rendered":"<p>Abel Franco Larini nasceu em Guarulhos (SP) em 29 de dezembro de 1981. Quarto filho de Abel Jos\u00e9 Larini e Flora Regina Franco Larini, Abelzinho, como \u00e9 mais conhecido, vem de uma fam\u00edlia de tradi\u00e7\u00e3o pol\u00edtica em Aruj\u00e1. Seu av\u00f4, Geraldo Larini, presidiu a C\u00e2mara em 1978 e no per\u00edodo de 1979 a 1981. Seu pai foi eleito prefeito por quatro mandatos e no per\u00edodo de 1983 e 1988 exerceu a fun\u00e7\u00e3o de vice-prefeito. Abelzinho \u00e9 Bacharel em Ci\u00eancias Jur\u00eddicas pela Universidade Braz Cubas (UBC) de Mogi das Cruzes. \u00c9 casado com Joana Peres e pai de duas filhas. Oito vezes eleito Presidente da C\u00e2mara.<\/p>\n","protected":false},"excerpt":{"rendered":"<p>Abel Franco Larini nasceu em Guarulhos (SP) em 29 de dezembro de 1981. Quarto filho de Abel Jos\u00e9 Larini e Flora Regina Franco Larini, Abelzinho, como \u00e9 mais conhecido, vem de uma fam\u00edlia de tradi\u00e7\u00e3o pol\u00edtica em Aruj\u00e1. Seu av\u00f4, Geraldo Larini, presidiu a C\u00e2mara em 1978 e no per\u00edodo de 1979 a 1981. Seu [&hellip;]<\/p>\n","protected":false},"author":1,"featured_media":22475,"comment_status":"open","ping_status":"open","sticky":false,"template":"","format":"standard","meta":{"footnotes":""},"categories":[4,48,47],"tags":[],"class_list":{"0":"post-22474","1":"post","2":"type-post","3":"status-publish","4":"format-standard","5":"has-post-thumbnail","7":"category-aruja","8":"category-geral","9":"category-turismo"},"_links":{"self":[{"href":"https:\/\/jm-metropole.com.br\/site\/wp-json\/wp\/v2\/posts\/22474","targetHints":{"allow":["GET"]}}],"collection":[{"href":"https:\/\/jm-metropole.com.br\/site\/wp-json\/wp\/v2\/posts"}],"about":[{"href":"https:\/\/jm-metropole.com.br\/site\/wp-json\/wp\/v2\/types\/post"}],"author":[{"embeddable":true,"href":"https:\/\/jm-metropole.com.br\/site\/wp-json\/wp\/v2\/users\/1"}],"replies":[{"embeddable":true,"href":"https:\/\/jm-metropole.com.br\/site\/wp-json\/wp\/v2\/comments?post=22474"}],"version-history":[{"count":1,"href":"https:\/\/jm-metropole.com.br\/site\/wp-json\/wp\/v2\/posts\/22474\/revisions"}],"predecessor-version":[{"id":22476,"href":"https:\/\/jm-metropole.com.br\/site\/wp-json\/wp\/v2\/posts\/22474\/revisions\/22476"}],"wp:featuredmedia":[{"embeddable":true,"href":"https:\/\/jm-metropole.com.br\/site\/wp-json\/wp\/v2\/media\/22475"}],"wp:attachment":[{"href":"https:\/\/jm-metropole.com.br\/site\/wp-json\/wp\/v2\/media?parent=22474"}],"wp:term":[{"taxonomy":"category","embeddable":true,"href":"https:\/\/jm-metropole.com.br\/site\/wp-json\/wp\/v2\/categories?post=22474"},{"taxonomy":"post_tag","embeddable":true,"href":"https:\/\/jm-metropole.com.br\/site\/wp-json\/wp\/v2\/tags?post=22474"}],"curies":[{"name":"wp","href":"https:\/\/api.w.org\/{rel}","templated":true}]}}