{"id":22471,"date":"2024-12-19T15:35:00","date_gmt":"2024-12-19T18:35:00","guid":{"rendered":"https:\/\/jm-metropole.com.br\/site\/?p=22471"},"modified":"2024-12-19T15:35:00","modified_gmt":"2024-12-19T18:35:00","slug":"lucia-ribeiro-assumira-diretora-da-igualdade-racial-da-secretaria-da-mulher-pcd-e-igualdade-racial-em-aruja-em-2025","status":"publish","type":"post","link":"https:\/\/jm-metropole.com.br\/site\/lucia-ribeiro-assumira-diretora-da-igualdade-racial-da-secretaria-da-mulher-pcd-e-igualdade-racial-em-aruja-em-2025\/","title":{"rendered":"LUCIA RIBEIRO assumir\u00e1 Diretora da Igualdade Racial da Secretaria da Mulher, PCD e Igualdade Racial em Aruj\u00e1 em 2025"},"content":{"rendered":"<p>Casada, formada em Direito e p\u00f3s-graduada em Direito Previdenci\u00e1rio e Trabalhista, com 20 anos de experi\u00eancia na administra\u00e7\u00e3o p\u00fablica. Exerceu fun\u00e7\u00e3o de vereadora suplente em Aruj\u00e1 (2015-2016) e foi Presidente do Conselho Municipal dos Direitos da Mulher em Aruj\u00e1. Minha carreira proporcionou profundo conhecimento das necessidades da comunidade e da gest\u00e3o p\u00fablica, com foco em contribuir para o desenvolvimento e bem-estar social.<\/p>\n","protected":false},"excerpt":{"rendered":"<p>Casada, formada em Direito e p\u00f3s-graduada em Direito Previdenci\u00e1rio e Trabalhista, com 20 anos de experi\u00eancia na administra\u00e7\u00e3o p\u00fablica. Exerceu fun\u00e7\u00e3o de vereadora suplente em Aruj\u00e1 (2015-2016) e foi Presidente do Conselho Municipal dos Direitos da Mulher em Aruj\u00e1. Minha carreira proporcionou profundo conhecimento das necessidades da comunidade e da gest\u00e3o p\u00fablica, com foco em [&hellip;]<\/p>\n","protected":false},"author":1,"featured_media":22472,"comment_status":"open","ping_status":"open","sticky":false,"template":"","format":"standard","meta":{"footnotes":""},"categories":[4,48,47],"tags":[],"class_list":{"0":"post-22471","1":"post","2":"type-post","3":"status-publish","4":"format-standard","5":"has-post-thumbnail","7":"category-aruja","8":"category-geral","9":"category-turismo"},"_links":{"self":[{"href":"https:\/\/jm-metropole.com.br\/site\/wp-json\/wp\/v2\/posts\/22471","targetHints":{"allow":["GET"]}}],"collection":[{"href":"https:\/\/jm-metropole.com.br\/site\/wp-json\/wp\/v2\/posts"}],"about":[{"href":"https:\/\/jm-metropole.com.br\/site\/wp-json\/wp\/v2\/types\/post"}],"author":[{"embeddable":true,"href":"https:\/\/jm-metropole.com.br\/site\/wp-json\/wp\/v2\/users\/1"}],"replies":[{"embeddable":true,"href":"https:\/\/jm-metropole.com.br\/site\/wp-json\/wp\/v2\/comments?post=22471"}],"version-history":[{"count":1,"href":"https:\/\/jm-metropole.com.br\/site\/wp-json\/wp\/v2\/posts\/22471\/revisions"}],"predecessor-version":[{"id":22473,"href":"https:\/\/jm-metropole.com.br\/site\/wp-json\/wp\/v2\/posts\/22471\/revisions\/22473"}],"wp:featuredmedia":[{"embeddable":true,"href":"https:\/\/jm-metropole.com.br\/site\/wp-json\/wp\/v2\/media\/22472"}],"wp:attachment":[{"href":"https:\/\/jm-metropole.com.br\/site\/wp-json\/wp\/v2\/media?parent=22471"}],"wp:term":[{"taxonomy":"category","embeddable":true,"href":"https:\/\/jm-metropole.com.br\/site\/wp-json\/wp\/v2\/categories?post=22471"},{"taxonomy":"post_tag","embeddable":true,"href":"https:\/\/jm-metropole.com.br\/site\/wp-json\/wp\/v2\/tags?post=22471"}],"curies":[{"name":"wp","href":"https:\/\/api.w.org\/{rel}","templated":true}]}}