{"id":22468,"date":"2024-12-19T15:33:02","date_gmt":"2024-12-19T18:33:02","guid":{"rendered":"https:\/\/jm-metropole.com.br\/site\/?p=22468"},"modified":"2024-12-19T15:33:02","modified_gmt":"2024-12-19T18:33:02","slug":"ana-cristina-poli-assumira-a-diretoria-da-mulher-da-secretaria-da-mulher-pcd-e-igualdade-racial","status":"publish","type":"post","link":"https:\/\/jm-metropole.com.br\/site\/ana-cristina-poli-assumira-a-diretoria-da-mulher-da-secretaria-da-mulher-pcd-e-igualdade-racial\/","title":{"rendered":"ANA CRISTINA POLI assumir\u00e1 a Diretoria da Mulher da Secretaria da Mulher, PCD e Igualdade Racial"},"content":{"rendered":"<p>Possui forma\u00e7\u00e3o acad\u00eamica em Ci\u00eancias Cont\u00e1beis, Matem\u00e1tica e Pedagogia, al\u00e9m de p\u00f3s-gradua\u00e7\u00e3o em Controladoria Estrat\u00e9gica.<br \/>\nSua carreira \u00e9 marcada por seis mandatos como vereadora, integrando diversas mesas diretoras e comiss\u00f5es. Elaborou projetos transformados em leis e pol\u00edticas p\u00fablicas, focando em demandas voltadas a mulheres, idosos e outros grupos priorit\u00e1rios.<br \/>\nFoi Secret\u00e1ria Municipal de Cultura, Esportes e Turismo por duas vezes, implantando e gerenciando projetos. Como Diretora T\u00e9cnica, promoveu a\u00e7\u00f5es significativas para a comunidade.<br \/>\nAna combina conhecimento t\u00e9cnico, experi\u00eancia pr\u00e1tica e compromisso social.<\/p>\n","protected":false},"excerpt":{"rendered":"<p>Possui forma\u00e7\u00e3o acad\u00eamica em Ci\u00eancias Cont\u00e1beis, Matem\u00e1tica e Pedagogia, al\u00e9m de p\u00f3s-gradua\u00e7\u00e3o em Controladoria Estrat\u00e9gica. Sua carreira \u00e9 marcada por seis mandatos como vereadora, integrando diversas mesas diretoras e comiss\u00f5es. Elaborou projetos transformados em leis e pol\u00edticas p\u00fablicas, focando em demandas voltadas a mulheres, idosos e outros grupos priorit\u00e1rios. Foi Secret\u00e1ria Municipal de Cultura, Esportes [&hellip;]<\/p>\n","protected":false},"author":1,"featured_media":22469,"comment_status":"open","ping_status":"open","sticky":false,"template":"","format":"standard","meta":{"footnotes":""},"categories":[4,48,47],"tags":[],"class_list":{"0":"post-22468","1":"post","2":"type-post","3":"status-publish","4":"format-standard","5":"has-post-thumbnail","7":"category-aruja","8":"category-geral","9":"category-turismo"},"_links":{"self":[{"href":"https:\/\/jm-metropole.com.br\/site\/wp-json\/wp\/v2\/posts\/22468","targetHints":{"allow":["GET"]}}],"collection":[{"href":"https:\/\/jm-metropole.com.br\/site\/wp-json\/wp\/v2\/posts"}],"about":[{"href":"https:\/\/jm-metropole.com.br\/site\/wp-json\/wp\/v2\/types\/post"}],"author":[{"embeddable":true,"href":"https:\/\/jm-metropole.com.br\/site\/wp-json\/wp\/v2\/users\/1"}],"replies":[{"embeddable":true,"href":"https:\/\/jm-metropole.com.br\/site\/wp-json\/wp\/v2\/comments?post=22468"}],"version-history":[{"count":1,"href":"https:\/\/jm-metropole.com.br\/site\/wp-json\/wp\/v2\/posts\/22468\/revisions"}],"predecessor-version":[{"id":22470,"href":"https:\/\/jm-metropole.com.br\/site\/wp-json\/wp\/v2\/posts\/22468\/revisions\/22470"}],"wp:featuredmedia":[{"embeddable":true,"href":"https:\/\/jm-metropole.com.br\/site\/wp-json\/wp\/v2\/media\/22469"}],"wp:attachment":[{"href":"https:\/\/jm-metropole.com.br\/site\/wp-json\/wp\/v2\/media?parent=22468"}],"wp:term":[{"taxonomy":"category","embeddable":true,"href":"https:\/\/jm-metropole.com.br\/site\/wp-json\/wp\/v2\/categories?post=22468"},{"taxonomy":"post_tag","embeddable":true,"href":"https:\/\/jm-metropole.com.br\/site\/wp-json\/wp\/v2\/tags?post=22468"}],"curies":[{"name":"wp","href":"https:\/\/api.w.org\/{rel}","templated":true}]}}