{"id":22465,"date":"2024-12-19T15:30:51","date_gmt":"2024-12-19T18:30:51","guid":{"rendered":"https:\/\/jm-metropole.com.br\/site\/?p=22465"},"modified":"2024-12-19T15:30:51","modified_gmt":"2024-12-19T18:30:51","slug":"hadassa-machado-dos-santos-assumira-a-diretoria-pcd-da-secretaria-da-mulher-pcd-e-igualdade-racial","status":"publish","type":"post","link":"https:\/\/jm-metropole.com.br\/site\/hadassa-machado-dos-santos-assumira-a-diretoria-pcd-da-secretaria-da-mulher-pcd-e-igualdade-racial\/","title":{"rendered":"HADASSA MACHADO DOS SANTOS assumir\u00e1 a Diretoria PCD da Secretaria da Mulher, PCD e Igualdade Racial"},"content":{"rendered":"<p>Advogada p\u00f3s-graduada em Direito Previdenci\u00e1rio, com especializa\u00e7\u00e3o em Direito Civil e Contratos. Atualmente, \u00e9 estudante de Psicologia.<br \/>\nPossui ampla atua\u00e7\u00e3o na milit\u00e2ncia em defesa dos direitos das pessoas com defici\u00eancia, com representatividade e experi\u00eancia pessoal como pessoa com defici\u00eancia devido a uma s\u00edndrome rara. \u00c9 engajada politicamente e participante ativa de a\u00e7\u00f5es e projetos voltados \u00e0 inclus\u00e3o, acessibilidade e fortalecimento das pol\u00edticas p\u00fablicas para o segmento PCD.<br \/>\nSua trajet\u00f3ria combina conhecimento t\u00e9cnico e compromisso com a luta por igualdade e justi\u00e7a social.<\/p>\n","protected":false},"excerpt":{"rendered":"<p>Advogada p\u00f3s-graduada em Direito Previdenci\u00e1rio, com especializa\u00e7\u00e3o em Direito Civil e Contratos. Atualmente, \u00e9 estudante de Psicologia. Possui ampla atua\u00e7\u00e3o na milit\u00e2ncia em defesa dos direitos das pessoas com defici\u00eancia, com representatividade e experi\u00eancia pessoal como pessoa com defici\u00eancia devido a uma s\u00edndrome rara. \u00c9 engajada politicamente e participante ativa de a\u00e7\u00f5es e projetos voltados [&hellip;]<\/p>\n","protected":false},"author":1,"featured_media":22466,"comment_status":"open","ping_status":"open","sticky":false,"template":"","format":"standard","meta":{"footnotes":""},"categories":[4,48,47],"tags":[],"class_list":{"0":"post-22465","1":"post","2":"type-post","3":"status-publish","4":"format-standard","5":"has-post-thumbnail","7":"category-aruja","8":"category-geral","9":"category-turismo"},"_links":{"self":[{"href":"https:\/\/jm-metropole.com.br\/site\/wp-json\/wp\/v2\/posts\/22465","targetHints":{"allow":["GET"]}}],"collection":[{"href":"https:\/\/jm-metropole.com.br\/site\/wp-json\/wp\/v2\/posts"}],"about":[{"href":"https:\/\/jm-metropole.com.br\/site\/wp-json\/wp\/v2\/types\/post"}],"author":[{"embeddable":true,"href":"https:\/\/jm-metropole.com.br\/site\/wp-json\/wp\/v2\/users\/1"}],"replies":[{"embeddable":true,"href":"https:\/\/jm-metropole.com.br\/site\/wp-json\/wp\/v2\/comments?post=22465"}],"version-history":[{"count":1,"href":"https:\/\/jm-metropole.com.br\/site\/wp-json\/wp\/v2\/posts\/22465\/revisions"}],"predecessor-version":[{"id":22467,"href":"https:\/\/jm-metropole.com.br\/site\/wp-json\/wp\/v2\/posts\/22465\/revisions\/22467"}],"wp:featuredmedia":[{"embeddable":true,"href":"https:\/\/jm-metropole.com.br\/site\/wp-json\/wp\/v2\/media\/22466"}],"wp:attachment":[{"href":"https:\/\/jm-metropole.com.br\/site\/wp-json\/wp\/v2\/media?parent=22465"}],"wp:term":[{"taxonomy":"category","embeddable":true,"href":"https:\/\/jm-metropole.com.br\/site\/wp-json\/wp\/v2\/categories?post=22465"},{"taxonomy":"post_tag","embeddable":true,"href":"https:\/\/jm-metropole.com.br\/site\/wp-json\/wp\/v2\/tags?post=22465"}],"curies":[{"name":"wp","href":"https:\/\/api.w.org\/{rel}","templated":true}]}}