{"id":22456,"date":"2024-12-19T14:51:06","date_gmt":"2024-12-19T17:51:06","guid":{"rendered":"https:\/\/jm-metropole.com.br\/site\/?p=22456"},"modified":"2024-12-19T14:53:12","modified_gmt":"2024-12-19T17:53:12","slug":"dr-camargo-anuncia-seu-secretariado-para-proxima-gestao-em-aruja","status":"publish","type":"post","link":"https:\/\/jm-metropole.com.br\/site\/dr-camargo-anuncia-seu-secretariado-para-proxima-gestao-em-aruja\/","title":{"rendered":"Dr. Camargo anuncia seu secretariado para pr\u00f3xima gest\u00e3o em Aruj\u00e1"},"content":{"rendered":"<p>A partir de 2025, algumas Secretarias Municipais de Aruj\u00e1 ter\u00e3o nova composi\u00e7\u00e3o, anuncia o prefeito Luis Camargo, o Dr Camargo, nesta quarta-feira (18).<br \/>\n\u201cTendo conclu\u00eddo com grande \u00eaxito sua miss\u00e3o nesse nosso primeiro mandato, alguns secret\u00e1rios externaram o desejo de buscar novos desafios e, em raz\u00e3o disso, estamos compondo um novo Secretariado, com altera\u00e7\u00f5es em algumas pastas para continuarmos cumprindo, sempre na busca da excel\u00eancia, o trabalho que vem sendo realizado por nossa gest\u00e3o\u201d, afirmou o chefe do Executivo Municipal.<br \/>\nO prefeito de Aruj\u00e1, que foi reeleito com uma das vota\u00e7\u00f5es mais expressivas do Alto Tiet\u00ea, do Estado e do Brasil, acrescentou que a popula\u00e7\u00e3o poder\u00e1 esperar dele, neste segundo mandato, um &#8220;Camargo 2&#8221; melhor do que o &#8220;Camargo 1&#8221;, pois a &#8220;procura\u00e7\u00e3o&#8221; que a popula\u00e7\u00e3o lhe concedeu, atrav\u00e9s dos votos, para administrar Aruj\u00e1 pela segunda vez, ser\u00e1 cumprida \u00e0 risca com mais quatro anos de muito suor, dedica\u00e7\u00e3o e compromisso com Aruj\u00e1 e os arujaenses. &#8220;A r\u00e9gua subiu mais ainda, estando maior o n\u00edvel de exig\u00eancia, e podem ter certeza que nosso secretariado seguir\u00e1 com o compromisso de promover, cada vez mais, melhorias para a nossa cidade&#8221;, complementou.<\/p>\n<p>Confira os nomes e curr\u00edculo dos novos secret\u00e1rios:<\/p>\n<p>1) Diretoria Geral: Marcos Regueiro<\/p>\n<p>2) Secretaria de Gest\u00e3o P\u00fablica e Inova\u00e7\u00e3o (GPI)<br \/>\nRodolfo Machado<\/p>\n<p>3) Secretaria de Governo<br \/>\nAbelzinho<\/p>\n<p>4) Secretaria de Gabinete<br \/>\nVin\u00edcius Dornelas<\/p>\n<p>5) Secretaria de Esportes<br \/>\nBetinho<\/p>\n<p>6) Secretaria de Servi\u00e7os<br \/>\nKiko Larini<\/p>\n<p>7) Secretaria de Planejamento<br \/>\nMarco Valdanha<\/p>\n<p>8) Secretaria de Obras<br \/>\nSouz\u00e3o<\/p>\n<p>9) Secretaria de Desenvolvimento Econ\u00f4mico<br \/>\nJos\u00e9 Carlos Santos<\/p>\n<p>10) Secretaria de Turismo e Lazer<br \/>\nRenan Lucena<\/p>\n<p>11) Secretaria de Cultura<br \/>\nRog\u00e9rio da Padaria<\/p>\n<p>12) Secretaria de Assist\u00eancia Social<br \/>\nJuliana Daniel<\/p>\n<p>13) Secretaria de Sa\u00fade<br \/>\nLeonardo Reis<\/p>\n<p>13) Secretaria Jur\u00eddica<br \/>\nRenato Swensson Neto<\/p>\n<p>15) Secretaria da Mulher, PCD e Igualdade Racial<br \/>\nDiretoria da Mulher: Ana Poli<br \/>\nDiretoria PCD: Hadassa Machado<br \/>\nDiretoria Igualdade Racial: Lucia Ribeiro<\/p>\n<p>16) Secretaria do Meio Ambiente<br \/>\nJuvenal Penteado<\/p>\n<p>17) Secretaria de Educa\u00e7\u00e3o<br \/>\nProfessor Aldo Botana<\/p>\n<p>18) Secretaria de Finan\u00e7as<br \/>\nCaio Ara\u00fajo<\/p>\n<p>19) Secretaria de Habita\u00e7\u00e3o<br \/>\nVin\u00edcius Pateta (adjunto)<\/p>\n<p>20) Secretaria de Seguran\u00e7a<br \/>\nWashington Adami<\/p>\n","protected":false},"excerpt":{"rendered":"<p>A partir de 2025, algumas Secretarias Municipais de Aruj\u00e1 ter\u00e3o nova composi\u00e7\u00e3o, anuncia o prefeito Luis Camargo, o Dr Camargo, nesta quarta-feira (18). \u201cTendo conclu\u00eddo com grande \u00eaxito sua miss\u00e3o nesse nosso primeiro mandato, alguns secret\u00e1rios externaram o desejo de buscar novos desafios e, em raz\u00e3o disso, estamos compondo um novo Secretariado, com altera\u00e7\u00f5es em [&hellip;]<\/p>\n","protected":false},"author":1,"featured_media":22457,"comment_status":"open","ping_status":"open","sticky":false,"template":"","format":"standard","meta":{"footnotes":""},"categories":[4,48,47],"tags":[],"class_list":{"0":"post-22456","1":"post","2":"type-post","3":"status-publish","4":"format-standard","5":"has-post-thumbnail","7":"category-aruja","8":"category-geral","9":"category-turismo"},"_links":{"self":[{"href":"https:\/\/jm-metropole.com.br\/site\/wp-json\/wp\/v2\/posts\/22456","targetHints":{"allow":["GET"]}}],"collection":[{"href":"https:\/\/jm-metropole.com.br\/site\/wp-json\/wp\/v2\/posts"}],"about":[{"href":"https:\/\/jm-metropole.com.br\/site\/wp-json\/wp\/v2\/types\/post"}],"author":[{"embeddable":true,"href":"https:\/\/jm-metropole.com.br\/site\/wp-json\/wp\/v2\/users\/1"}],"replies":[{"embeddable":true,"href":"https:\/\/jm-metropole.com.br\/site\/wp-json\/wp\/v2\/comments?post=22456"}],"version-history":[{"count":1,"href":"https:\/\/jm-metropole.com.br\/site\/wp-json\/wp\/v2\/posts\/22456\/revisions"}],"predecessor-version":[{"id":22458,"href":"https:\/\/jm-metropole.com.br\/site\/wp-json\/wp\/v2\/posts\/22456\/revisions\/22458"}],"wp:featuredmedia":[{"embeddable":true,"href":"https:\/\/jm-metropole.com.br\/site\/wp-json\/wp\/v2\/media\/22457"}],"wp:attachment":[{"href":"https:\/\/jm-metropole.com.br\/site\/wp-json\/wp\/v2\/media?parent=22456"}],"wp:term":[{"taxonomy":"category","embeddable":true,"href":"https:\/\/jm-metropole.com.br\/site\/wp-json\/wp\/v2\/categories?post=22456"},{"taxonomy":"post_tag","embeddable":true,"href":"https:\/\/jm-metropole.com.br\/site\/wp-json\/wp\/v2\/tags?post=22456"}],"curies":[{"name":"wp","href":"https:\/\/api.w.org\/{rel}","templated":true}]}}