{"id":22453,"date":"2024-12-19T12:37:19","date_gmt":"2024-12-19T15:37:19","guid":{"rendered":"https:\/\/jm-metropole.com.br\/site\/?p=22453"},"modified":"2024-12-19T12:37:19","modified_gmt":"2024-12-19T15:37:19","slug":"mara-bertaiolli-e-teo-cusatis-anunciam-renato-abdo-para-secretaria-de-agricultura-e-jose-luiz-furtado-no-comando-do-semae","status":"publish","type":"post","link":"https:\/\/jm-metropole.com.br\/site\/mara-bertaiolli-e-teo-cusatis-anunciam-renato-abdo-para-secretaria-de-agricultura-e-jose-luiz-furtado-no-comando-do-semae\/","title":{"rendered":"Mara Bertaiolli e T\u00e9o Cusatis anunciam Renato Abdo para Secretaria de Agricultura e Jos\u00e9 Luiz Furtado no comando do Semae"},"content":{"rendered":"<p><em>Apresenta\u00e7\u00e3o dos novos integrantes do 1\u00ba escal\u00e3o da gest\u00e3o 2025-2028 foi feita nesta quarta-feira (18\/12)<\/em><\/p>\n<p>&nbsp;<\/p>\n<p>A prefeita eleita Mara Bertaiolli e o seu vice T\u00e9o Cusatis fizeram mais dois importantes an\u00fancios, nesta quarta-feira (18\/12\/2024), para a gest\u00e3o que estar\u00e1 \u00e0 frente da Prefeitura de Mogi das Cruzes a partir do pr\u00f3ximo dia 1 de janeiro de 2025. O engenheiro agr\u00f4nomo Renato Abdo ser\u00e1 o novo secret\u00e1rio de Agricultura e o administrador e vereador Jos\u00e9 Luiz Furtado assumir\u00e1 o comando dos servi\u00e7os de saneamento e abastecimento na cidade como diretor-geral do Servi\u00e7o Municipal de \u00c1guas e Esgotos (Semae).<\/p>\n<p>Ao anunciar o secret\u00e1rio Renato Abdo, a prefeita eleita enfatizou que \u00e9 necess\u00e1rio garantir melhorias aos produtores rurais. \u201cO Renato vai ouvir os agricultores e feirantes e trazer de volta a qualidade de vida aos trabalhadores rurais e a todo mundo que vive da nossa agricultura\u201d, aposta Mara Bertaiolli.<\/p>\n<p>O vice T\u00e9o Cusatis refor\u00e7ou que o novo secret\u00e1rio j\u00e1 come\u00e7ou trabalhando. \u201cEle chegou ontem (17\/12) de Bras\u00edlia, onde estamos tentando impedir o aumento da taxa\u00e7\u00e3o sobre os cogumelos, j\u00e1 que, entre tantas outras qualidades, Mogi se destaca por esta produ\u00e7\u00e3o. Vamos trabalhar bastante\u201d, aponta.<\/p>\n<p>Engenheiro agr\u00f4nomo formado pela Unitau, p\u00f3s graduado em Gest\u00e3o e Manejo Ambiental e Sistemas Agr\u00edcolas pela Universidade de Lavras, Renato Abdo \u00e9 mestre em Mudan\u00e7a Social e Participa\u00e7\u00e3o Pol\u00edtica pela USP e especialista em Administra\u00e7\u00e3o Rural e Desenvolvimento de Produtos para o segmento de mercado.<\/p>\n<p>\u00c9 empres\u00e1rio e atuou como consultor agr\u00f4nomo durante 25 anos, com foco em desenvolvimento de cadeias produtivas, e foi gerente do Sindicato Rural de Mogi das Cruzes e secret\u00e1rio de Agricultura de Mogi no per\u00edodo de 2016 a 2020.<\/p>\n<p>Diante do novo desafio, Renato afirmou que pretende estreitar o di\u00e1logo com os profissionais do setor. \u201c\u00c9 uma honra voltar a servir a nossa cidade. Vamos trabalhar com dedica\u00e7\u00e3o e afinco junto aos agricultores e mercadistas, ouvindo as necessidades para atender as demandas do setor\u201d, garantiu.<\/p>\n<p>&nbsp;<\/p>\n<p><strong>Semae<\/strong><\/p>\n<p><strong>\u200b<\/strong>Ainda nesta quarta-feira (18\/12), a gest\u00e3o 2025-2028 anunciou que o comando do Semae ficar\u00e1 sob responsabilidade de Jos\u00e9 Luiz Furtado, que encerra seu mandato como vereador na C\u00e2mara no pr\u00f3ximo dia 31 e retorna \u00e0 autarquia em 1 de janeiro de 2025, desta vez, para comandar o servi\u00e7o de saneamento b\u00e1sico e abastecimento de \u00e1gua no munic\u00edpio.<\/p>\n<p>\u200bMara Bertaiolli destacou a import\u00e2ncia da escolha de profissionais com forma\u00e7\u00e3o t\u00e9cnica e capacitados em seu governo. \u201cJos\u00e9 Luiz \u00e9 mais um nome para compor nossa gest\u00e3o de reconstru\u00e7\u00e3o. Ele ser\u00e1 o diretor-geral do Semae, esta autarquia t\u00e3o importante, e vai trazer \u00e1gua e qualidade de vida \u00e0s pessoas de toda a cidade\u201d, enfatiza.<\/p>\n<p>O vice T\u00e9o Cusatis adiantou que haver\u00e1 novidades para o Semae no pr\u00f3ximo governo. \u201cAs metas s\u00e3o ousadas, os servidores ter\u00e3o aten\u00e7\u00e3o e carinho, e sabemos da compet\u00eancia do Z\u00e9 Luiz no Semae, que \u00e9 a sua casa. Ele est\u00e1 voltando para ajudar a colocar Mogi em um caminho melhor, com mais qualidade\u201d, afirma.<\/p>\n<p>Servidor p\u00fablico municipal de carreira desde 2008, Jos\u00e9 Luiz Furtado, 47 anos, \u00e9 mogiano, administrador, contabilista e especialista em Gest\u00e3o P\u00fablica Municipal e Gest\u00e3o de Cidades.<\/p>\n<p>Ele foi diretor de Or\u00e7amento e Contabilidade, diretor de Assist\u00eancia Comunit\u00e1ria e coordenador do Fundo Social na Prefeitura de Mogi das Cruzes, al\u00e9m de diretor Comercial e Financeiro do Semae. Atuou como presidente do Conselho Municipal de Assist\u00eancia Social e do Conselho Fiscal do Instituto de Previd\u00eancia Municipal (IPREM).<\/p>\n<p>Eleito em 2020, Jos\u00e9 Luiz cumpriu o primeiro mandato como vereador para a Legislatura 2021-2024, destacou que o Semae \u00e9 patrim\u00f4nio da cidade. \u201cSaneamento b\u00e1sico tamb\u00e9m \u00e9 sa\u00fade e qualidade de vida para os mogianos. Ningu\u00e9m faz nada sozinho e, tenho certeza que, junto com os servidores, vamos ajudar a reconstruir Mogi\u201d, frisou.<\/p>\n","protected":false},"excerpt":{"rendered":"<p>Apresenta\u00e7\u00e3o dos novos integrantes do 1\u00ba escal\u00e3o da gest\u00e3o 2025-2028 foi feita nesta quarta-feira (18\/12) &nbsp; A prefeita eleita Mara Bertaiolli e o seu vice T\u00e9o Cusatis fizeram mais dois importantes an\u00fancios, nesta quarta-feira (18\/12\/2024), para a gest\u00e3o que estar\u00e1 \u00e0 frente da Prefeitura de Mogi das Cruzes a partir do pr\u00f3ximo dia 1 de [&hellip;]<\/p>\n","protected":false},"author":1,"featured_media":22454,"comment_status":"open","ping_status":"open","sticky":false,"template":"","format":"standard","meta":{"footnotes":""},"categories":[10],"tags":[],"class_list":{"0":"post-22453","1":"post","2":"type-post","3":"status-publish","4":"format-standard","5":"has-post-thumbnail","7":"category-mogi-das-cruzes"},"_links":{"self":[{"href":"https:\/\/jm-metropole.com.br\/site\/wp-json\/wp\/v2\/posts\/22453","targetHints":{"allow":["GET"]}}],"collection":[{"href":"https:\/\/jm-metropole.com.br\/site\/wp-json\/wp\/v2\/posts"}],"about":[{"href":"https:\/\/jm-metropole.com.br\/site\/wp-json\/wp\/v2\/types\/post"}],"author":[{"embeddable":true,"href":"https:\/\/jm-metropole.com.br\/site\/wp-json\/wp\/v2\/users\/1"}],"replies":[{"embeddable":true,"href":"https:\/\/jm-metropole.com.br\/site\/wp-json\/wp\/v2\/comments?post=22453"}],"version-history":[{"count":1,"href":"https:\/\/jm-metropole.com.br\/site\/wp-json\/wp\/v2\/posts\/22453\/revisions"}],"predecessor-version":[{"id":22455,"href":"https:\/\/jm-metropole.com.br\/site\/wp-json\/wp\/v2\/posts\/22453\/revisions\/22455"}],"wp:featuredmedia":[{"embeddable":true,"href":"https:\/\/jm-metropole.com.br\/site\/wp-json\/wp\/v2\/media\/22454"}],"wp:attachment":[{"href":"https:\/\/jm-metropole.com.br\/site\/wp-json\/wp\/v2\/media?parent=22453"}],"wp:term":[{"taxonomy":"category","embeddable":true,"href":"https:\/\/jm-metropole.com.br\/site\/wp-json\/wp\/v2\/categories?post=22453"},{"taxonomy":"post_tag","embeddable":true,"href":"https:\/\/jm-metropole.com.br\/site\/wp-json\/wp\/v2\/tags?post=22453"}],"curies":[{"name":"wp","href":"https:\/\/api.w.org\/{rel}","templated":true}]}}