{"id":22450,"date":"2024-12-19T12:35:14","date_gmt":"2024-12-19T15:35:14","guid":{"rendered":"https:\/\/jm-metropole.com.br\/site\/?p=22450"},"modified":"2024-12-19T12:35:14","modified_gmt":"2024-12-19T15:35:14","slug":"itaqua-celebra-trabalhadores-do-sus-com-premiacao-especial","status":"publish","type":"post","link":"https:\/\/jm-metropole.com.br\/site\/itaqua-celebra-trabalhadores-do-sus-com-premiacao-especial\/","title":{"rendered":"Itaqu\u00e1 celebra trabalhadores do SUS com premia\u00e7\u00e3o especial"},"content":{"rendered":"<p>Evento reuniu cerca de 350 convidados em noite de gala<\/p>\n<p>A Secretaria de Sa\u00fade de Itaquaquecetuba realizou, na ter\u00e7a-feira (17), a cerim\u00f4nia de entrega do Pr\u00eamio Profissionais do SUS \u2013 Itaquaquecetuba 2024. O evento reuniu cerca de 350 convidados em uma noite de gala que homenageou servidores pela dedica\u00e7\u00e3o e excel\u00eancia no atendimento \u00e0 popula\u00e7\u00e3o. A premia\u00e7\u00e3o registrou 10 mil votos em apenas quatro dias de vota\u00e7\u00e3o.<\/p>\n<p>A noite teve in\u00edcio com um coquetel de recep\u00e7\u00e3o, acompanhado pela apresenta\u00e7\u00e3o de um v\u00eddeo que destacou os principais resultados alcan\u00e7ados pela Sa\u00fade ao longo do ano. Ap\u00f3s a entrega dos pr\u00eamios, os convidados desfrutaram de um jantar especial com m\u00fasica ao vivo.<\/p>\n<p>&#8220;Estamos aqui para agradecer por tornarem a sa\u00fade de Itaqu\u00e1 melhor. Se cada um est\u00e1 aqui, \u00e9 porque foi votado e prestou atendimento de refer\u00eancia&#8221;, disse o chefe da pasta, Gabriel Rocha, em seu discurso.<\/p>\n<p>O pr\u00eamio foi dividido em cinco categorias. Na aten\u00e7\u00e3o prim\u00e1ria e especializada, os nomes vencedores foram Ariana Aparecida dos Santos, Gislaine de Lima, Thaise dos Santos, Euglaciana Lima, Telma Maria da Silva, Elis \u00c2ngela Rodrigues, Alexandre Luiz Affonso Fonseca, Gl\u00f3ria de Souza, Cristiane de Melo e Silva, Wisley Lopreato, Robson Jefferson Catalano, Edson Nunes, Helena Cristina Lisboa, Kamila da Silva, Joice Pimentel e Roseane Silva.<\/p>\n<p>Em urg\u00eancia e emerg\u00eancia, foram premiados Elisabete Lima, C\u00e9lia das Gra\u00e7as, Val\u00e9ria Oliveira, C\u00e9lia Regina dos Santos, Kelly Cristina Gon\u00e7alves, Jackeline de Moraes, Thiago Oliveira, Adriana de Souza, Ronildo Jos\u00e9 dos Santos, Deisiane Darley, Perla Marjorie Nonato e Alexsandro Jos\u00e9 dos Santos.<\/p>\n<p>J\u00e1 na categoria vigil\u00e2ncia em sa\u00fade, receberam a homenagem Ana Carolina Moreira, Caio Pestana, Alessandra Elisabete Bonfim e Rafael Ver\u00edssimo. Na equipe multidisciplinar, ganharam Adriana Cordeiro, Karina Monteiro, Francini Aparecida Sugano, Jamile Ferreira e Amanda Augusto Amelotti.<\/p>\n<p>Dos estagi\u00e1rios, os mais votados foram Gabriela Brito, Hemilly Costa e Mateus Lima. Convidada de honra, a enfermeira Elda Fontenele Souza, que sobreviveu a um acidente com uma ambul\u00e2ncia, em agosto, tamb\u00e9m foi prestigiada. Na ocasi\u00e3o do acidente, o motorista veio a \u00f3bito.<\/p>\n<p>&#8220;Os profissionais do SUS s\u00e3o verdadeiros her\u00f3is do dia a dia. Essa noite \u00e9 dedicada a eles, que n\u00e3o medem esfor\u00e7os para garantir um atendimento humanizado e de qualidade&#8221;, completou o prefeito Eduardo Boigues.<\/p>\n<p>Fotos: Eduardo Borges<\/p>\n","protected":false},"excerpt":{"rendered":"<p>Evento reuniu cerca de 350 convidados em noite de gala A Secretaria de Sa\u00fade de Itaquaquecetuba realizou, na ter\u00e7a-feira (17), a cerim\u00f4nia de entrega do Pr\u00eamio Profissionais do SUS \u2013 Itaquaquecetuba 2024. O evento reuniu cerca de 350 convidados em uma noite de gala que homenageou servidores pela dedica\u00e7\u00e3o e excel\u00eancia no atendimento \u00e0 popula\u00e7\u00e3o. [&hellip;]<\/p>\n","protected":false},"author":1,"featured_media":22451,"comment_status":"open","ping_status":"open","sticky":false,"template":"","format":"standard","meta":{"footnotes":""},"categories":[6],"tags":[],"class_list":{"0":"post-22450","1":"post","2":"type-post","3":"status-publish","4":"format-standard","5":"has-post-thumbnail","7":"category-itaqua"},"_links":{"self":[{"href":"https:\/\/jm-metropole.com.br\/site\/wp-json\/wp\/v2\/posts\/22450","targetHints":{"allow":["GET"]}}],"collection":[{"href":"https:\/\/jm-metropole.com.br\/site\/wp-json\/wp\/v2\/posts"}],"about":[{"href":"https:\/\/jm-metropole.com.br\/site\/wp-json\/wp\/v2\/types\/post"}],"author":[{"embeddable":true,"href":"https:\/\/jm-metropole.com.br\/site\/wp-json\/wp\/v2\/users\/1"}],"replies":[{"embeddable":true,"href":"https:\/\/jm-metropole.com.br\/site\/wp-json\/wp\/v2\/comments?post=22450"}],"version-history":[{"count":1,"href":"https:\/\/jm-metropole.com.br\/site\/wp-json\/wp\/v2\/posts\/22450\/revisions"}],"predecessor-version":[{"id":22452,"href":"https:\/\/jm-metropole.com.br\/site\/wp-json\/wp\/v2\/posts\/22450\/revisions\/22452"}],"wp:featuredmedia":[{"embeddable":true,"href":"https:\/\/jm-metropole.com.br\/site\/wp-json\/wp\/v2\/media\/22451"}],"wp:attachment":[{"href":"https:\/\/jm-metropole.com.br\/site\/wp-json\/wp\/v2\/media?parent=22450"}],"wp:term":[{"taxonomy":"category","embeddable":true,"href":"https:\/\/jm-metropole.com.br\/site\/wp-json\/wp\/v2\/categories?post=22450"},{"taxonomy":"post_tag","embeddable":true,"href":"https:\/\/jm-metropole.com.br\/site\/wp-json\/wp\/v2\/tags?post=22450"}],"curies":[{"name":"wp","href":"https:\/\/api.w.org\/{rel}","templated":true}]}}