{"id":22430,"date":"2024-12-18T18:01:20","date_gmt":"2024-12-18T21:01:20","guid":{"rendered":"https:\/\/jm-metropole.com.br\/site\/?p=22430"},"modified":"2024-12-18T18:01:20","modified_gmt":"2024-12-18T21:01:20","slug":"secretaria-de-governo-de-itaqua-apresenta-balanco-de-2024-com-avancos","status":"publish","type":"post","link":"https:\/\/jm-metropole.com.br\/site\/secretaria-de-governo-de-itaqua-apresenta-balanco-de-2024-com-avancos\/","title":{"rendered":"Secretaria de Governo de Itaqu\u00e1 apresenta balan\u00e7o de 2024 com avan\u00e7os"},"content":{"rendered":"<p>Pasta \u00e9 respons\u00e1vel por assessorar e articular demandas de departamentos e do Procon<\/p>\n<p>A Secretaria de Governo de Itaquaquecetuba divulgou o balan\u00e7o dos trabalhos realizados ao longo de 2024. Liderada por Marcello Barbosa, a pasta \u00e9 respons\u00e1vel por assessorar e articular demandas dos departamentos de Conv\u00eanios, Comunica\u00e7\u00e3o, Centro de Processamento de Dados (CPD) e do Procon.<\/p>\n<p>No setor de Conv\u00eanios, n\u00fameros importantes foram alcan\u00e7ados com a celebra\u00e7\u00e3o de 22 conv\u00eanios federais que totalizaram R$ 97,3 milh\u00f5es, al\u00e9m de 36 conv\u00eanios estaduais no valor de R$ 53,1 milh\u00f5es. O total de recursos captados chegou a R$ 150,5 milh\u00f5es, respons\u00e1vel por projetos e obras essenciais para o munic\u00edpio. Foram ainda enviados 91 of\u00edcios para formalizar novas parcerias e garantir recursos adicionais para demandas priorit\u00e1rias.<\/p>\n<p>O Procon tamb\u00e9m teve um desempenho de destaque, com 3.303 atendimentos ao longo do ano. Desse total, 1.783 registros foram de Cartas de Informa\u00e7\u00e3o Preliminar (CIPs), 1.194 atendimentos preliminares e 311 audi\u00eancias realizadas. Al\u00e9m disso, foram promovidas 15 fiscaliza\u00e7\u00f5es em estabelecimentos comerciais, refor\u00e7ando a defesa dos direitos dos consumidores e o cumprimento do C\u00f3digo de Defesa do Consumidor.<\/p>\n<p>Na Comunica\u00e7\u00e3o, a secretaria ampliou os canais informativos e fortaleceu a transpar\u00eancia das a\u00e7\u00f5es municipais. Foram produzidos 390 releases, respondidas 1.214 demandas da imprensa e lan\u00e7ados novos meios de intera\u00e7\u00e3o com a popula\u00e7\u00e3o como o podcast Fala Itaqu\u00e1, que aproxima os moradores de assuntos da atualidade e a\u00e7\u00f5es da gest\u00e3o, a continuidade do Boletim Itaqu\u00e1 e a cria\u00e7\u00e3o da newsletter para os servidores municipais, com os destaques da semana.<\/p>\n<p>Por fim, o Centro de Processamento de Dados (CPD) foi respons\u00e1vel pela reestrutura\u00e7\u00e3o e implanta\u00e7\u00e3o de redes nas secretarias que mudaram de endere\u00e7o ou foram inauguradas, al\u00e9m da substitui\u00e7\u00e3o e instala\u00e7\u00e3o de novos computadores. Houve amplia\u00e7\u00e3o do sistema dom\u00ednio, migra\u00e7\u00e3o de servi\u00e7os online de nota fiscal e ISS, avan\u00e7os na acessibilidade com novas ferramentas no site, al\u00e9m do lan\u00e7amento do portal de atendimento online do Procon. Ao longo do ano, foram registrados 1.385 chamados.<\/p>\n<p>&#8220;O trabalho integrado com as demais secretarias tem sido essencial para o desenvolvimento da cidade e o atendimento \u00e0s demandas da popula\u00e7\u00e3o. Esses avan\u00e7os s\u00e3o fruto de uma gest\u00e3o comprometida em entregar resultados concretos para a popula\u00e7\u00e3o. A secretaria tem sido fundamental para o andamento dos trabalhos&#8221;, destacou o chefe da pasta.<\/p>\n<p>&#8220;Uma boa gest\u00e3o tem, em sua ess\u00eancia, bons profissionais capacitados. Com a Secretaria de Governo n\u00e3o \u00e9 diferente. Esses dados refletem o quanto essa turma trabalha, dia e noite, para entregar um trabalho de respeito para a popula\u00e7\u00e3o&#8221;, completou o prefeito Eduardo Boigues.<\/p>\n","protected":false},"excerpt":{"rendered":"<p>Pasta \u00e9 respons\u00e1vel por assessorar e articular demandas de departamentos e do Procon A Secretaria de Governo de Itaquaquecetuba divulgou o balan\u00e7o dos trabalhos realizados ao longo de 2024. Liderada por Marcello Barbosa, a pasta \u00e9 respons\u00e1vel por assessorar e articular demandas dos departamentos de Conv\u00eanios, Comunica\u00e7\u00e3o, Centro de Processamento de Dados (CPD) e do [&hellip;]<\/p>\n","protected":false},"author":1,"featured_media":22431,"comment_status":"open","ping_status":"open","sticky":false,"template":"","format":"standard","meta":{"footnotes":""},"categories":[6],"tags":[],"class_list":{"0":"post-22430","1":"post","2":"type-post","3":"status-publish","4":"format-standard","5":"has-post-thumbnail","7":"category-itaqua"},"_links":{"self":[{"href":"https:\/\/jm-metropole.com.br\/site\/wp-json\/wp\/v2\/posts\/22430","targetHints":{"allow":["GET"]}}],"collection":[{"href":"https:\/\/jm-metropole.com.br\/site\/wp-json\/wp\/v2\/posts"}],"about":[{"href":"https:\/\/jm-metropole.com.br\/site\/wp-json\/wp\/v2\/types\/post"}],"author":[{"embeddable":true,"href":"https:\/\/jm-metropole.com.br\/site\/wp-json\/wp\/v2\/users\/1"}],"replies":[{"embeddable":true,"href":"https:\/\/jm-metropole.com.br\/site\/wp-json\/wp\/v2\/comments?post=22430"}],"version-history":[{"count":1,"href":"https:\/\/jm-metropole.com.br\/site\/wp-json\/wp\/v2\/posts\/22430\/revisions"}],"predecessor-version":[{"id":22432,"href":"https:\/\/jm-metropole.com.br\/site\/wp-json\/wp\/v2\/posts\/22430\/revisions\/22432"}],"wp:featuredmedia":[{"embeddable":true,"href":"https:\/\/jm-metropole.com.br\/site\/wp-json\/wp\/v2\/media\/22431"}],"wp:attachment":[{"href":"https:\/\/jm-metropole.com.br\/site\/wp-json\/wp\/v2\/media?parent=22430"}],"wp:term":[{"taxonomy":"category","embeddable":true,"href":"https:\/\/jm-metropole.com.br\/site\/wp-json\/wp\/v2\/categories?post=22430"},{"taxonomy":"post_tag","embeddable":true,"href":"https:\/\/jm-metropole.com.br\/site\/wp-json\/wp\/v2\/tags?post=22430"}],"curies":[{"name":"wp","href":"https:\/\/api.w.org\/{rel}","templated":true}]}}