{"id":22427,"date":"2024-12-18T16:24:35","date_gmt":"2024-12-18T19:24:35","guid":{"rendered":"https:\/\/jm-metropole.com.br\/site\/?p=22427"},"modified":"2024-12-18T16:24:35","modified_gmt":"2024-12-18T19:24:35","slug":"prefeita-eleita-mara-bertaiolli-e-o-vice-teo-cusatis-serao-diplomados-nesta-quinta-feira-19-12","status":"publish","type":"post","link":"https:\/\/jm-metropole.com.br\/site\/prefeita-eleita-mara-bertaiolli-e-o-vice-teo-cusatis-serao-diplomados-nesta-quinta-feira-19-12\/","title":{"rendered":"Prefeita eleita Mara Bertaiolli e o vice T\u00e9o Cusatis ser\u00e3o diplomados nesta quinta-feira (19\/12)"},"content":{"rendered":"<p><em>Cerim\u00f4nia realizada pela Justi\u00e7a Eleitoral acontecer\u00e1 \u00e0s 14 horas, no audit\u00f3rio do Cemforpe, no Mogilar <\/em><\/p>\n<p><em>\u00a0\u00a0\u00a0\u00a0\u00a0\u00a0\u00a0\u00a0\u00a0\u00a0\u00a0 <\/em><\/p>\n<p>A prefeita eleita Mara Bertaiolli e o seu vice T\u00e9o Cusatis ser\u00e3o diplomados pela Justi\u00e7a Eleitoral nesta quinta-feira (19\/12\/2024), \u00e0s 14 horas, no Centro Municipal de Forma\u00e7\u00e3o Pedag\u00f3gica (Cemforpe), no Mogilar.\u00a0 \u201cEsse \u00e9 um momento muito importante e que conclui a etapa fundamental de todo o processo eleitoral. Neste ato, a Justi\u00e7a Eleitoral confirma a escolha da popula\u00e7\u00e3o nas urnas\u201d, destaca Mara Bertaiolli.<\/p>\n<p>J\u00e1 a posse do prefeito, vice e vereadores municipais est\u00e1 marcada para o dia 1\u00ba de janeiro de 2025, \u00e0s 15 horas, na C\u00e2mara Municipal. \u201cPassado o per\u00edodo eleitoral, iniciamos o processo de transi\u00e7\u00e3o, posse e trabalho por toda a cidade de Mogi das Cruzes. Estamos preparados para essa nova e importante etapa\u201d, disse o vice-prefeito eleito, T\u00e9o Cusatis.<\/p>\n<p>O evento de diploma\u00e7\u00e3o ser\u00e1 presidido pelo juiz Gustavo Alexandre da C\u00e2mara Leal Belluzzo, da 74\u00aa Zona Eleitoral. A mesa da cerim\u00f4nia tamb\u00e9m contar\u00e1 com a presen\u00e7a da ju\u00edza Ana Carmem de Souza Silva, diretora do F\u00f3rum de Mogi das Cruzes; do conselheiro do Tribunal de Contas do Estado de S\u00e3o Paulo, Marco Bertaiolli; do presidente da C\u00e2mara Municipal, vereador Jos\u00e9 Francim\u00e1rio Vieira de Macedo, o <em>Farofa<\/em>; e do presidente da 17\u00aa Subse\u00e7\u00e3o da Ordem dos Advogados do Brasil (OAB) de Mogi, Dirceu Augusto da C\u00e2mara Valle.<\/p>\n<p>&nbsp;<\/p>\n<p><strong>Diploma\u00e7\u00e3o<\/strong><\/p>\n<p>A diploma\u00e7\u00e3o dos eleitos \u00e9 um ato previsto na legisla\u00e7\u00e3o e marca o encerramento do processo eleitoral. O ato consiste na entrega do diploma aos eleitos, um documento oficial emitido pelo Foro Eleitoral de cada munic\u00edpio e condi\u00e7\u00e3o para a posse em 2025.<\/p>\n<p>O calend\u00e1rio eleitoral estabelece que a diploma\u00e7\u00e3o seja realizada at\u00e9 o dia 19 de dezembro. Cabe ao juiz eleitoral ou diretor do Foro Eleitoral de cada munic\u00edpio definir a data e formato da entrega dos diplomas.<\/p>\n<p>Nos diplomas de cada candidato constam, obrigatoriamente, informa\u00e7\u00f5es como: nome completo, legenda do partido\/coliga\u00e7\u00e3o, cargo para qual foi eleito(a) ou a classifica\u00e7\u00e3o de suplente. Outras informa\u00e7\u00f5es que venham a ser incorporadas, como a quantidade de votos obtidos na elei\u00e7\u00e3o, s\u00e3o facultativas e ficam a crit\u00e9rio da Justi\u00e7a Eleitoral.<\/p>\n<p>Os suplentes tamb\u00e9m recebem o diploma, uma vez que s\u00e3o considerados eleitos. Todos os diplomas s\u00e3o assinados pelo presidente do \u00f3rg\u00e3o respons\u00e1vel pela emiss\u00e3o, ou seja, Tribunal Superior Eleitoral (TSE), Tribunal Regional Eleitoral (TRE) e juntas eleitorais.<\/p>\n","protected":false},"excerpt":{"rendered":"<p>Cerim\u00f4nia realizada pela Justi\u00e7a Eleitoral acontecer\u00e1 \u00e0s 14 horas, no audit\u00f3rio do Cemforpe, no Mogilar \u00a0\u00a0\u00a0\u00a0\u00a0\u00a0\u00a0\u00a0\u00a0\u00a0\u00a0 A prefeita eleita Mara Bertaiolli e o seu vice T\u00e9o Cusatis ser\u00e3o diplomados pela Justi\u00e7a Eleitoral nesta quinta-feira (19\/12\/2024), \u00e0s 14 horas, no Centro Municipal de Forma\u00e7\u00e3o Pedag\u00f3gica (Cemforpe), no Mogilar.\u00a0 \u201cEsse \u00e9 um momento muito importante e que [&hellip;]<\/p>\n","protected":false},"author":1,"featured_media":22428,"comment_status":"open","ping_status":"open","sticky":false,"template":"","format":"standard","meta":{"footnotes":""},"categories":[10],"tags":[],"class_list":{"0":"post-22427","1":"post","2":"type-post","3":"status-publish","4":"format-standard","5":"has-post-thumbnail","7":"category-mogi-das-cruzes"},"_links":{"self":[{"href":"https:\/\/jm-metropole.com.br\/site\/wp-json\/wp\/v2\/posts\/22427","targetHints":{"allow":["GET"]}}],"collection":[{"href":"https:\/\/jm-metropole.com.br\/site\/wp-json\/wp\/v2\/posts"}],"about":[{"href":"https:\/\/jm-metropole.com.br\/site\/wp-json\/wp\/v2\/types\/post"}],"author":[{"embeddable":true,"href":"https:\/\/jm-metropole.com.br\/site\/wp-json\/wp\/v2\/users\/1"}],"replies":[{"embeddable":true,"href":"https:\/\/jm-metropole.com.br\/site\/wp-json\/wp\/v2\/comments?post=22427"}],"version-history":[{"count":1,"href":"https:\/\/jm-metropole.com.br\/site\/wp-json\/wp\/v2\/posts\/22427\/revisions"}],"predecessor-version":[{"id":22429,"href":"https:\/\/jm-metropole.com.br\/site\/wp-json\/wp\/v2\/posts\/22427\/revisions\/22429"}],"wp:featuredmedia":[{"embeddable":true,"href":"https:\/\/jm-metropole.com.br\/site\/wp-json\/wp\/v2\/media\/22428"}],"wp:attachment":[{"href":"https:\/\/jm-metropole.com.br\/site\/wp-json\/wp\/v2\/media?parent=22427"}],"wp:term":[{"taxonomy":"category","embeddable":true,"href":"https:\/\/jm-metropole.com.br\/site\/wp-json\/wp\/v2\/categories?post=22427"},{"taxonomy":"post_tag","embeddable":true,"href":"https:\/\/jm-metropole.com.br\/site\/wp-json\/wp\/v2\/tags?post=22427"}],"curies":[{"name":"wp","href":"https:\/\/api.w.org\/{rel}","templated":true}]}}