{"id":22401,"date":"2024-12-17T17:47:12","date_gmt":"2024-12-17T20:47:12","guid":{"rendered":"https:\/\/jm-metropole.com.br\/site\/?p=22401"},"modified":"2024-12-17T17:47:12","modified_gmt":"2024-12-17T20:47:12","slug":"mogi-proxima-gestao-herdara-mais-de-r-680-milhoes-em-dividas-publicas","status":"publish","type":"post","link":"https:\/\/jm-metropole.com.br\/site\/mogi-proxima-gestao-herdara-mais-de-r-680-milhoes-em-dividas-publicas\/","title":{"rendered":"Mogi: pr\u00f3xima gest\u00e3o herdar\u00e1 mais de R$ 680 milh\u00f5es em d\u00edvidas p\u00fablicas"},"content":{"rendered":"<p><em>Informa\u00e7\u00f5es foram apresentadas pela equipe de Transi\u00e7\u00e3o de Governo durante audi\u00eancia p\u00fablica na C\u00e2mara Municipal<\/em><\/p>\n<p>&nbsp;<\/p>\n<p>Pr\u00e9dios e espa\u00e7os p\u00fablicos degradados, caixa negativo em pelo menos R$ 207 milh\u00f5es e d\u00edvida consolidada em R$ 473 milh\u00f5es s\u00e3o alguns dos desafios da pr\u00f3xima gest\u00e3o em Mogi das Cruzes. As informa\u00e7\u00f5es foram apresentadas nesta ter\u00e7a-feira (17\/12\/2024), na C\u00e2mara Municipal, durante audi\u00eancia p\u00fablica de Balan\u00e7o do Governo de Transi\u00e7\u00e3o. Vereadores, lideran\u00e7as, representantes de entidades, associa\u00e7\u00f5es e mun\u00edcipes puderam conhecer, em quatro horas de apresenta\u00e7\u00e3o, a real situa\u00e7\u00e3o f\u00edsica e financeira de cada uma das secretarias municipais de Mogi das Cruzes.<\/p>\n<p>\u201c\u00c9 assim que iniciaremos a nossa gest\u00e3o em 1 de janeiro: com muita transpar\u00eancia e com um time forte, competente e preparado para superar os desafios e reconstruir Mogi das Cruzes. O balan\u00e7o apresentado aqui representa o cen\u00e1rio da cidade at\u00e9 30 de novembro, mas a situa\u00e7\u00e3o real s\u00f3 teremos acesso a partir de 1 de janeiro, quando assumirmos a Prefeitura Municipal\u201d, alertou a prefeita eleita Mara Bertaiolli.<\/p>\n<p>No d\u00e9ficit de caixa apurado at\u00e9 novembro, destaca-se cerca de R$ 41 milh\u00f5es que deixaram de ser pagos ao Iprem. \u201cN\u00e3o conhecemos ainda o montante de restos a pagar com fornecedores, contratos a vencer e novos gastos que surgir\u00e3o at\u00e9 31 de dezembro. Este \u00e9 um grande ponto de alerta\u201d, avisou o economista Robson Senziali, respons\u00e1vel da tem\u00e1tica de Finan\u00e7as no Governo de Transi\u00e7\u00e3o.<\/p>\n<p>J\u00e1 a d\u00edvida consolidada, apurada at\u00e9 o momento em R$ 473 milh\u00f5es, sofrer\u00e1 sobrecarga a partir de setembro do pr\u00f3ximo ano, quando a Prefeitura Municipal passar\u00e1 a arcar com as parcelas de um financiamento internacional de USD 14,3 milh\u00f5es &#8211; o valor total do empr\u00e9stimo pode chegar a USD 69,4 milh\u00f5es. O munic\u00edpio j\u00e1 faz, mensalmente, o pagamento de R$ 3 milh\u00f5es de juros deste empr\u00e9stimo. \u201cAl\u00e9m das obras incorporadas neste empr\u00e9stimo estarem em ritmo lento, teremos \u00e0 frente o pagamento de parcelas e juros em d\u00f3lares, pelos pr\u00f3ximos 13 anos\u201d, apontou Senziali.<\/p>\n<p>&nbsp;<\/p>\n<p><strong>ABANDONO<\/strong><\/p>\n<p>Al\u00e9m de contratos, conv\u00eanios e contas p\u00fablicas, a equipe de transi\u00e7\u00e3o percorreu os equipamentos e espa\u00e7os p\u00fablicos da cidade. Em todos os segmentos foram constatados problemas estruturais de infiltra\u00e7\u00e3o, unidades sem Auto de Vistoria do Corpo de Bombeiros (AVCB), viaturas e equipamentos em p\u00e9ssimo estado de conserva\u00e7\u00e3o. Espa\u00e7os de esporte, lazer e cultura tamb\u00e9m apresentam s\u00e9rios problemas estruturais. A situa\u00e7\u00e3o apurada pela equipe t\u00e9cnica foi documentada com imagens &#8211; parte apresentada na audi\u00eancia p\u00fablica.<\/p>\n<p>\u201cA situa\u00e7\u00e3o \u00e9 alarmante. H\u00e1 espa\u00e7os p\u00fablicos entregues h\u00e1 pouco tempo e que j\u00e1 apresentam problemas estruturais, como o Parque Airton Nogueira, inaugurado h\u00e1 menos de um ano. Sabemos da situa\u00e7\u00e3o financeira, mas o preju\u00edzo f\u00edsico \u00e9 incalcul\u00e1vel\u201d, afirmou o vice-prefeito eleito T\u00e9o Cusatis.<\/p>\n<p>&nbsp;<\/p>\n<p><strong>TRANSPAR\u00caNCIA<\/strong><\/p>\n<p>Visando garantir a transpar\u00eancia e di\u00e1logo direto com a popula\u00e7\u00e3o, a equipe de transi\u00e7\u00e3o da nova gest\u00e3o disponibilizou toda a apresenta\u00e7\u00e3o e v\u00eddeo da audi\u00eancia p\u00fablica para todos. Os materiais poder\u00e3o ser acessados a partir desta quarta-feira (18\/12\/2024), no site da C\u00e2mara Municipal de Mogi das Cruzes: cmmc.com.br .<\/p>\n","protected":false},"excerpt":{"rendered":"<p>Informa\u00e7\u00f5es foram apresentadas pela equipe de Transi\u00e7\u00e3o de Governo durante audi\u00eancia p\u00fablica na C\u00e2mara Municipal &nbsp; Pr\u00e9dios e espa\u00e7os p\u00fablicos degradados, caixa negativo em pelo menos R$ 207 milh\u00f5es e d\u00edvida consolidada em R$ 473 milh\u00f5es s\u00e3o alguns dos desafios da pr\u00f3xima gest\u00e3o em Mogi das Cruzes. As informa\u00e7\u00f5es foram apresentadas nesta ter\u00e7a-feira (17\/12\/2024), na [&hellip;]<\/p>\n","protected":false},"author":1,"featured_media":22402,"comment_status":"open","ping_status":"open","sticky":false,"template":"","format":"standard","meta":{"footnotes":""},"categories":[10],"tags":[],"class_list":{"0":"post-22401","1":"post","2":"type-post","3":"status-publish","4":"format-standard","5":"has-post-thumbnail","7":"category-mogi-das-cruzes"},"_links":{"self":[{"href":"https:\/\/jm-metropole.com.br\/site\/wp-json\/wp\/v2\/posts\/22401","targetHints":{"allow":["GET"]}}],"collection":[{"href":"https:\/\/jm-metropole.com.br\/site\/wp-json\/wp\/v2\/posts"}],"about":[{"href":"https:\/\/jm-metropole.com.br\/site\/wp-json\/wp\/v2\/types\/post"}],"author":[{"embeddable":true,"href":"https:\/\/jm-metropole.com.br\/site\/wp-json\/wp\/v2\/users\/1"}],"replies":[{"embeddable":true,"href":"https:\/\/jm-metropole.com.br\/site\/wp-json\/wp\/v2\/comments?post=22401"}],"version-history":[{"count":1,"href":"https:\/\/jm-metropole.com.br\/site\/wp-json\/wp\/v2\/posts\/22401\/revisions"}],"predecessor-version":[{"id":22403,"href":"https:\/\/jm-metropole.com.br\/site\/wp-json\/wp\/v2\/posts\/22401\/revisions\/22403"}],"wp:featuredmedia":[{"embeddable":true,"href":"https:\/\/jm-metropole.com.br\/site\/wp-json\/wp\/v2\/media\/22402"}],"wp:attachment":[{"href":"https:\/\/jm-metropole.com.br\/site\/wp-json\/wp\/v2\/media?parent=22401"}],"wp:term":[{"taxonomy":"category","embeddable":true,"href":"https:\/\/jm-metropole.com.br\/site\/wp-json\/wp\/v2\/categories?post=22401"},{"taxonomy":"post_tag","embeddable":true,"href":"https:\/\/jm-metropole.com.br\/site\/wp-json\/wp\/v2\/tags?post=22401"}],"curies":[{"name":"wp","href":"https:\/\/api.w.org\/{rel}","templated":true}]}}