{"id":22395,"date":"2024-12-17T17:33:40","date_gmt":"2024-12-17T20:33:40","guid":{"rendered":"https:\/\/jm-metropole.com.br\/site\/?p=22395"},"modified":"2024-12-17T17:33:40","modified_gmt":"2024-12-17T20:33:40","slug":"the-fifa-best-vascaino-menino-gui-vence-premio-de-torcedor-do-ano","status":"publish","type":"post","link":"https:\/\/jm-metropole.com.br\/site\/the-fifa-best-vascaino-menino-gui-vence-premio-de-torcedor-do-ano\/","title":{"rendered":"The Fifa Best: Vasca\u00edno, menino Gui vence pr\u00eamio de torcedor do ano"},"content":{"rendered":"<div class=\"header-noticia full-width\">\n<div class=\"linha-fina-noticia\">Portador de doen\u00e7a gen\u00e9tica rara, carioca \u00e9 s\u00edmbolo do Cruzmatino<\/div>\n<\/div>\n<div class=\"subheader\">\n<div class=\"container-autoria\">Mais conhecido como Gui, o pequeno cruzmaltino Guilherme Gandra Moura, de 10 anos, \u00e9 o vencedor do pr\u00eamio torcedor do ano do Fifa The Best Awards, anunciado durante cerim\u00f4nia nesta ter\u00e7a-feira (17), em Doha (Catar). O menino, portador de epiderm\u00f3lise bolhosa &#8211; doen\u00e7a gen\u00e9tica rara &#8211; ficou conhecido em junho de 2023, ap\u00f3s aparecer em um v\u00eddeo que viralizou na intenet, ap\u00f3s ser compartilhado pela pr\u00f3pria m\u00e3e. Na ocasi\u00e3o, a nutricionista Tayane Gandra registrou o comovente reencontro com o filho, que acabara de receber alta hospitalar, ap\u00f3s 16 dias internado em coma induzido.<img decoding=\"async\" src=\"https:\/\/agenciabrasil.ebc.com.br\/ebc.png?id=1624081&amp;o=node\" \/><img decoding=\"async\" src=\"https:\/\/agenciabrasil.ebc.com.br\/ebc.gif?id=1624081&amp;o=node\" \/>Gui ficou conhecido nacionalmente e ao revelar que era torcedor do Vasco passou a ser s\u00edmbolo do time carioca. Com as imagens de entrevistas do pequeno carioca, que se comunica de maneira carism\u00e1tica, n\u00e3o demorou para que Gui fosse presenteado por outros clubes brasileiros e at\u00e9 mesmo convidado para visitar times estrangeiros, nos quais foi fotografado ao lado de v\u00e1rios jogadores. Um dos craques a receb\u00ea-lo Neymar e Nen\u00ea, jogador do Juventude, \u00a0em novembro do ano passado, quando o camisa 10 da sele\u00e7\u00e3o se recuperava de uma cirurgia no joelho, no Brasil.<\/p>\n<p><a href=\"https:\/\/x.com\/LulaOficial\/status\/1722032192602140857?ref_src=twsrc%5Etfw%7Ctwcamp%5Etweetembed%7Ctwterm%5E1722032192602140857%7Ctwgr%5E0990bdf5044541b97bdd2599538270a277c963c3%7Ctwcon%5Es1_&amp;ref_url=https%3A%2F%2Fd-27718056671487575041.ampproject.net%2F2410292120000%2Fframe.html\"><strong>Outro encontro marcante de Gui foi com o presidente Lula<\/strong><\/a>, que chegou a publicar um v\u00eddeo nas rede sociais em que aparece contando\u00a0para o menino a respeito da sua amizade com grandes \u00eddolos do Vasco, como Roberto Dinamite, e revelando como\u00a0escolheu o Vasco como time do cora\u00e7\u00e3o.<\/p>\n<p>No final do ano passado, Gui foi uma das crian\u00e7as que entraram em campo com a sele\u00e7\u00e3o brasileira na partida contra a Argentina, no Maracan\u00e3, no final de 2023.<\/p>\n<p>*Com informa\u00e7\u00f5es de Ag\u00eancia Brasil<\/p>\n<\/div>\n<\/div>\n","protected":false},"excerpt":{"rendered":"<p>Portador de doen\u00e7a gen\u00e9tica rara, carioca \u00e9 s\u00edmbolo do Cruzmatino Mais conhecido como Gui, o pequeno cruzmaltino Guilherme Gandra Moura, de 10 anos, \u00e9 o vencedor do pr\u00eamio torcedor do ano do Fifa The Best Awards, anunciado durante cerim\u00f4nia nesta ter\u00e7a-feira (17), em Doha (Catar). O menino, portador de epiderm\u00f3lise bolhosa &#8211; doen\u00e7a gen\u00e9tica rara [&hellip;]<\/p>\n","protected":false},"author":1,"featured_media":22396,"comment_status":"open","ping_status":"open","sticky":false,"template":"","format":"standard","meta":{"footnotes":""},"categories":[48],"tags":[],"class_list":{"0":"post-22395","1":"post","2":"type-post","3":"status-publish","4":"format-standard","5":"has-post-thumbnail","7":"category-geral"},"_links":{"self":[{"href":"https:\/\/jm-metropole.com.br\/site\/wp-json\/wp\/v2\/posts\/22395","targetHints":{"allow":["GET"]}}],"collection":[{"href":"https:\/\/jm-metropole.com.br\/site\/wp-json\/wp\/v2\/posts"}],"about":[{"href":"https:\/\/jm-metropole.com.br\/site\/wp-json\/wp\/v2\/types\/post"}],"author":[{"embeddable":true,"href":"https:\/\/jm-metropole.com.br\/site\/wp-json\/wp\/v2\/users\/1"}],"replies":[{"embeddable":true,"href":"https:\/\/jm-metropole.com.br\/site\/wp-json\/wp\/v2\/comments?post=22395"}],"version-history":[{"count":1,"href":"https:\/\/jm-metropole.com.br\/site\/wp-json\/wp\/v2\/posts\/22395\/revisions"}],"predecessor-version":[{"id":22397,"href":"https:\/\/jm-metropole.com.br\/site\/wp-json\/wp\/v2\/posts\/22395\/revisions\/22397"}],"wp:featuredmedia":[{"embeddable":true,"href":"https:\/\/jm-metropole.com.br\/site\/wp-json\/wp\/v2\/media\/22396"}],"wp:attachment":[{"href":"https:\/\/jm-metropole.com.br\/site\/wp-json\/wp\/v2\/media?parent=22395"}],"wp:term":[{"taxonomy":"category","embeddable":true,"href":"https:\/\/jm-metropole.com.br\/site\/wp-json\/wp\/v2\/categories?post=22395"},{"taxonomy":"post_tag","embeddable":true,"href":"https:\/\/jm-metropole.com.br\/site\/wp-json\/wp\/v2\/tags?post=22395"}],"curies":[{"name":"wp","href":"https:\/\/api.w.org\/{rel}","templated":true}]}}