{"id":22374,"date":"2024-12-17T09:31:31","date_gmt":"2024-12-17T12:31:31","guid":{"rendered":"https:\/\/jm-metropole.com.br\/site\/?p=22374"},"modified":"2024-12-17T09:31:31","modified_gmt":"2024-12-17T12:31:31","slug":"cantata-de-natal-vivo-esta-reune-musica-e-harmonia-em-suzano","status":"publish","type":"post","link":"https:\/\/jm-metropole.com.br\/site\/cantata-de-natal-vivo-esta-reune-musica-e-harmonia-em-suzano\/","title":{"rendered":"Cantata de Natal \u2018Vivo Est\u00e1\u2019 re\u00fane m\u00fasica e harmonia em Suzano"},"content":{"rendered":"<p>Evento ocorreu na \u00faltima sexta-feira (13\/12) e atraiu mais de 400 pessoas no Teatro Municipal Dr. Armando de R\u00e9<\/p>\n<p>A magia do Natal tomou conta de Suzano na \u00faltima sexta-feira (13\/12) com a realiza\u00e7\u00e3o da Cantata de Natal \u201cVivo Est\u00e1\u201d, protagonizada pelos participantes do coral Nova Gera\u00e7\u00e3o, do Centro de Conviv\u00eancia da Melhor Idade (CCMI) Maria Picoletti. O evento, promovido em parceria com o Servi\u00e7o de A\u00e7\u00e3o Social e Projetos Especiais (Saspe) e apoio do Fundo Social de Solidariedade, ocorreu no Teatro Municipal Dr. Armando de R\u00e9, no centro, reunindo mais de 400 pessoas. As apresenta\u00e7\u00f5es encantaram a plateia com performances marcantes que exaltaram os valores desta \u00e9poca festiva, como amor, esperan\u00e7a e solidariedade.<\/p>\n<p>O espet\u00e1culo contou com a presen\u00e7a do prefeito Rodrigo Ashiuchi; da presidente do Fundo Social, dirigente do CCMI e do Saspe, a primeira-dama, Larissa Ashiuchi, e do vereador e prefeito eleito Pedro Ishi. O p\u00fablico que compareceu ao evento teve a oportunidade de assistir a apresenta\u00e7\u00f5es de passagens b\u00edblicas marcantes, como a Santa Ceia e a Ressurrei\u00e7\u00e3o de Cristo. As cenas foram interpretadas por 140 participantes, entre cantores do coral, atores respons\u00e1veis pelas encena\u00e7\u00f5es e convidados da Igreja Presbiteriana do Brasil (IPB) de Suzano, com coordena\u00e7\u00e3o da maestrina Lucimar Barbosa.<\/p>\n<p>O cen\u00e1rio foi elaborado com detalhes que transportaram os espectadores para o contexto das passagens retratadas. A combina\u00e7\u00e3o dos elementos visuais e das performances contribu\u00edram para tornar o evento uma experi\u00eancia memor\u00e1vel para o p\u00fablico presente.<\/p>\n<p>Larissa destacou que a iniciativa busca se consolidar como uma tradi\u00e7\u00e3o da cidade, fortalecendo os la\u00e7os da comunidade e promovendo momentos de integra\u00e7\u00e3o e f\u00e9. \u201cEventos como esse n\u00e3o apenas preservam valores culturais, mas tamb\u00e9m incentivam a participa\u00e7\u00e3o dos moradores, criando um ambiente de uni\u00e3o e acolhimento, al\u00e9m de oferecer a oportunidade de reafirmar nossas ra\u00edzes e promover a solidariedade&#8221;, afirmou ela.<\/p>\n<p>Por sua vez, o prefeito pontuou a relev\u00e2ncia do evento para a promo\u00e7\u00e3o de valores em sociedade. \u201c\u00c9 uma alegria ver a nossa cidade se reunindo em momentos como esse, que refor\u00e7am a cultura, a m\u00fasica e a harmonia, al\u00e9m de ressaltar o nosso compromisso em apoiar projetos que incentivem a inclus\u00e3o, o bem-estar e que dialoguem com as tradi\u00e7\u00f5es locais, oferecendo ao mesmo tempo espa\u00e7o para a participa\u00e7\u00e3o dos suzanenses\u201d, destacou Ashiuchi.<\/p>\n<p>A atividade tamb\u00e9m foi prestigiada pelos secret\u00e1rios municipais Paulo Pavione, de Comunica\u00e7\u00e3o P\u00fablica; Arnaldo Marin Junior, o Nardinho, de Esportes e Lazer; Geraldo Garippo, de Assist\u00eancia e Desenvolvimento Social; e pelos vereadores M\u00e1rcio Alexandre de Souza, o M\u00e1rcio Malt, e Artur Takayama, al\u00e9m do vereador eleito Jo\u00e3o Batista Nogueira de Azevedo, o Jo\u00e3o Sabugo.<\/p>\n<p>Cr\u00e9dito das fotos: Divulga\u00e7\u00e3o\/Secop Suzano<\/p>\n","protected":false},"excerpt":{"rendered":"<p>Evento ocorreu na \u00faltima sexta-feira (13\/12) e atraiu mais de 400 pessoas no Teatro Municipal Dr. Armando de R\u00e9 A magia do Natal tomou conta de Suzano na \u00faltima sexta-feira (13\/12) com a realiza\u00e7\u00e3o da Cantata de Natal \u201cVivo Est\u00e1\u201d, protagonizada pelos participantes do coral Nova Gera\u00e7\u00e3o, do Centro de Conviv\u00eancia da Melhor Idade (CCMI) [&hellip;]<\/p>\n","protected":false},"author":1,"featured_media":22375,"comment_status":"open","ping_status":"open","sticky":false,"template":"","format":"standard","meta":{"footnotes":""},"categories":[9],"tags":[],"class_list":{"0":"post-22374","1":"post","2":"type-post","3":"status-publish","4":"format-standard","5":"has-post-thumbnail","7":"category-suzano"},"_links":{"self":[{"href":"https:\/\/jm-metropole.com.br\/site\/wp-json\/wp\/v2\/posts\/22374","targetHints":{"allow":["GET"]}}],"collection":[{"href":"https:\/\/jm-metropole.com.br\/site\/wp-json\/wp\/v2\/posts"}],"about":[{"href":"https:\/\/jm-metropole.com.br\/site\/wp-json\/wp\/v2\/types\/post"}],"author":[{"embeddable":true,"href":"https:\/\/jm-metropole.com.br\/site\/wp-json\/wp\/v2\/users\/1"}],"replies":[{"embeddable":true,"href":"https:\/\/jm-metropole.com.br\/site\/wp-json\/wp\/v2\/comments?post=22374"}],"version-history":[{"count":1,"href":"https:\/\/jm-metropole.com.br\/site\/wp-json\/wp\/v2\/posts\/22374\/revisions"}],"predecessor-version":[{"id":22376,"href":"https:\/\/jm-metropole.com.br\/site\/wp-json\/wp\/v2\/posts\/22374\/revisions\/22376"}],"wp:featuredmedia":[{"embeddable":true,"href":"https:\/\/jm-metropole.com.br\/site\/wp-json\/wp\/v2\/media\/22375"}],"wp:attachment":[{"href":"https:\/\/jm-metropole.com.br\/site\/wp-json\/wp\/v2\/media?parent=22374"}],"wp:term":[{"taxonomy":"category","embeddable":true,"href":"https:\/\/jm-metropole.com.br\/site\/wp-json\/wp\/v2\/categories?post=22374"},{"taxonomy":"post_tag","embeddable":true,"href":"https:\/\/jm-metropole.com.br\/site\/wp-json\/wp\/v2\/tags?post=22374"}],"curies":[{"name":"wp","href":"https:\/\/api.w.org\/{rel}","templated":true}]}}