{"id":22362,"date":"2024-12-16T18:50:52","date_gmt":"2024-12-16T21:50:52","guid":{"rendered":"https:\/\/jm-metropole.com.br\/site\/?p=22362"},"modified":"2024-12-16T18:50:52","modified_gmt":"2024-12-16T21:50:52","slug":"camara-de-aruja-nao-tera-expediente-no-dia-28-de-outubro-2","status":"publish","type":"post","link":"https:\/\/jm-metropole.com.br\/site\/camara-de-aruja-nao-tera-expediente-no-dia-28-de-outubro-2\/","title":{"rendered":"C\u00c2MARA DE ARUJ\u00c1 N\u00c3O TER\u00c1 EXPEDIENTE NO DIA 28 DE OUTUBRO"},"content":{"rendered":"<p>&nbsp;<\/p>\n<p>Dia do Funcion\u00e1rio P\u00fablico tamb\u00e9m afetar\u00e1 realiza\u00e7\u00e3o de Sess\u00f5es Ordin\u00e1rias<\/p>\n<p>Por conta das comemora\u00e7\u00f5es do Dia do Servidor P\u00fablico, a C\u00e2mara de Aruj\u00e1 n\u00e3o ter\u00e1 expediente na pr\u00f3xima segunda-feira (28\/10).<\/p>\n<p>O atendimento ao p\u00fablico ser\u00e1 retomado na ter\u00e7a-feira (29\/10), a partir das 8h.<\/p>\n<p>A 157\u00aa Sess\u00e3o Ordin\u00e1ria, prevista para essa data, ser\u00e1 realizada no dia 4\/11, \u00e0s 17h. Em seguida, haver\u00e1 a 158\u00aa Sess\u00e3o Ordin\u00e1ria.<br \/>\nN\u00e3o perca nossa transmiss\u00e3o ao vivo pelo YouTube!<\/p>\n<p>Para saber mais informa\u00e7\u00f5es, acesse o link: https:\/\/www.camaraaruja.sp.gov.br\/noticias\/camara-de-aruja-nao-tera-expediente-no-dia-28-de-outubro<\/p>\n","protected":false},"excerpt":{"rendered":"<p>&nbsp; Dia do Funcion\u00e1rio P\u00fablico tamb\u00e9m afetar\u00e1 realiza\u00e7\u00e3o de Sess\u00f5es Ordin\u00e1rias Por conta das comemora\u00e7\u00f5es do Dia do Servidor P\u00fablico, a C\u00e2mara de Aruj\u00e1 n\u00e3o ter\u00e1 expediente na pr\u00f3xima segunda-feira (28\/10). O atendimento ao p\u00fablico ser\u00e1 retomado na ter\u00e7a-feira (29\/10), a partir das 8h. A 157\u00aa Sess\u00e3o Ordin\u00e1ria, prevista para essa data, ser\u00e1 realizada no [&hellip;]<\/p>\n","protected":false},"author":1,"featured_media":22105,"comment_status":"open","ping_status":"open","sticky":false,"template":"","format":"standard","meta":{"footnotes":""},"categories":[1],"tags":[],"class_list":{"0":"post-22362","1":"post","2":"type-post","3":"status-publish","4":"format-standard","5":"has-post-thumbnail","7":"category-tudo"},"_links":{"self":[{"href":"https:\/\/jm-metropole.com.br\/site\/wp-json\/wp\/v2\/posts\/22362","targetHints":{"allow":["GET"]}}],"collection":[{"href":"https:\/\/jm-metropole.com.br\/site\/wp-json\/wp\/v2\/posts"}],"about":[{"href":"https:\/\/jm-metropole.com.br\/site\/wp-json\/wp\/v2\/types\/post"}],"author":[{"embeddable":true,"href":"https:\/\/jm-metropole.com.br\/site\/wp-json\/wp\/v2\/users\/1"}],"replies":[{"embeddable":true,"href":"https:\/\/jm-metropole.com.br\/site\/wp-json\/wp\/v2\/comments?post=22362"}],"version-history":[{"count":1,"href":"https:\/\/jm-metropole.com.br\/site\/wp-json\/wp\/v2\/posts\/22362\/revisions"}],"predecessor-version":[{"id":22363,"href":"https:\/\/jm-metropole.com.br\/site\/wp-json\/wp\/v2\/posts\/22362\/revisions\/22363"}],"wp:featuredmedia":[{"embeddable":true,"href":"https:\/\/jm-metropole.com.br\/site\/wp-json\/wp\/v2\/media\/22105"}],"wp:attachment":[{"href":"https:\/\/jm-metropole.com.br\/site\/wp-json\/wp\/v2\/media?parent=22362"}],"wp:term":[{"taxonomy":"category","embeddable":true,"href":"https:\/\/jm-metropole.com.br\/site\/wp-json\/wp\/v2\/categories?post=22362"},{"taxonomy":"post_tag","embeddable":true,"href":"https:\/\/jm-metropole.com.br\/site\/wp-json\/wp\/v2\/tags?post=22362"}],"curies":[{"name":"wp","href":"https:\/\/api.w.org\/{rel}","templated":true}]}}