{"id":22359,"date":"2024-12-16T18:39:00","date_gmt":"2024-12-16T21:39:00","guid":{"rendered":"https:\/\/jm-metropole.com.br\/site\/?p=22359"},"modified":"2024-12-16T18:39:00","modified_gmt":"2024-12-16T21:39:00","slug":"10a-acao-de-natal-pcd-beneficia-250-criancas-e-jovens-com-deficiencia-em-aruja","status":"publish","type":"post","link":"https:\/\/jm-metropole.com.br\/site\/10a-acao-de-natal-pcd-beneficia-250-criancas-e-jovens-com-deficiencia-em-aruja\/","title":{"rendered":"\u201810\u00aa A\u00c7\u00c3O DE NATAL PCD\u2019 BENEFICIA 250 CRIAN\u00c7AS E JOVENS COM DEFICI\u00caNCIA EM ARUJ\u00c1"},"content":{"rendered":"<p>Na tarde do \u00faltimo s\u00e1bado (14), no Gin\u00e1sio Municipal Habib Tannuri, em Aruj\u00e1, o grupo \u201cM\u00e3es Guerreiras\u201d, com o apoio da Prefeitura e do Lions Clube de Aruj\u00e1, realizou a \u201c10\u00aa A\u00e7\u00e3o de Natal para Pessoas com Defici\u00eancia (PCDs)\u201d. O evento beneficiou cerca de 250 crian\u00e7as e jovens com defici\u00eancia de Aruj\u00e1 e regi\u00e3o. A festividade contou com diversas atra\u00e7\u00f5es, incluindo brinquedos infl\u00e1veis, distribui\u00e7\u00e3o de presentes doados por familiares e apoiadores, algod\u00e3o doce e pintura facial.<\/p>\n<p>Os presentes entregues para as crian\u00e7as e jovens foram doados por familiares do grupo \u201cM\u00e3es Guerreiras\u201d e por apoiadores volunt\u00e1rios, que se mobilizaram para transformar a tarde em uma celebra\u00e7\u00e3o inesquec\u00edvel. A programa\u00e7\u00e3o incluiu ainda a presen\u00e7a de um Papai Noel que chegou em uma cadeira de rodas, refor\u00e7ando a mensagem de inclus\u00e3o e garantindo momentos de alegria para cada fam\u00edlia.<\/p>\n<p>O evento foi realizado com o apoio da Prefeitura de Aruj\u00e1, do Conselho Municipal dos Direitos da Pessoa com Defici\u00eancia (CMDPCD), do Lions Clube de Aruj\u00e1, e de diversos volunt\u00e1rios, como Artur Frances, Savana Recrea\u00e7\u00f5es, Anderson Bolinha, entre outros. A iniciativa refor\u00e7ou a import\u00e2ncia da inclus\u00e3o social e do fortalecimento de v\u00ednculos comunit\u00e1rios, consolidando-se como uma tradi\u00e7\u00e3o solid\u00e1ria na cidade.<\/p>\n","protected":false},"excerpt":{"rendered":"<p>Na tarde do \u00faltimo s\u00e1bado (14), no Gin\u00e1sio Municipal Habib Tannuri, em Aruj\u00e1, o grupo \u201cM\u00e3es Guerreiras\u201d, com o apoio da Prefeitura e do Lions Clube de Aruj\u00e1, realizou a \u201c10\u00aa A\u00e7\u00e3o de Natal para Pessoas com Defici\u00eancia (PCDs)\u201d. O evento beneficiou cerca de 250 crian\u00e7as e jovens com defici\u00eancia de Aruj\u00e1 e regi\u00e3o. A [&hellip;]<\/p>\n","protected":false},"author":1,"featured_media":22360,"comment_status":"open","ping_status":"open","sticky":false,"template":"","format":"standard","meta":{"footnotes":""},"categories":[4,48,47],"tags":[],"class_list":{"0":"post-22359","1":"post","2":"type-post","3":"status-publish","4":"format-standard","5":"has-post-thumbnail","7":"category-aruja","8":"category-geral","9":"category-turismo"},"_links":{"self":[{"href":"https:\/\/jm-metropole.com.br\/site\/wp-json\/wp\/v2\/posts\/22359","targetHints":{"allow":["GET"]}}],"collection":[{"href":"https:\/\/jm-metropole.com.br\/site\/wp-json\/wp\/v2\/posts"}],"about":[{"href":"https:\/\/jm-metropole.com.br\/site\/wp-json\/wp\/v2\/types\/post"}],"author":[{"embeddable":true,"href":"https:\/\/jm-metropole.com.br\/site\/wp-json\/wp\/v2\/users\/1"}],"replies":[{"embeddable":true,"href":"https:\/\/jm-metropole.com.br\/site\/wp-json\/wp\/v2\/comments?post=22359"}],"version-history":[{"count":1,"href":"https:\/\/jm-metropole.com.br\/site\/wp-json\/wp\/v2\/posts\/22359\/revisions"}],"predecessor-version":[{"id":22361,"href":"https:\/\/jm-metropole.com.br\/site\/wp-json\/wp\/v2\/posts\/22359\/revisions\/22361"}],"wp:featuredmedia":[{"embeddable":true,"href":"https:\/\/jm-metropole.com.br\/site\/wp-json\/wp\/v2\/media\/22360"}],"wp:attachment":[{"href":"https:\/\/jm-metropole.com.br\/site\/wp-json\/wp\/v2\/media?parent=22359"}],"wp:term":[{"taxonomy":"category","embeddable":true,"href":"https:\/\/jm-metropole.com.br\/site\/wp-json\/wp\/v2\/categories?post=22359"},{"taxonomy":"post_tag","embeddable":true,"href":"https:\/\/jm-metropole.com.br\/site\/wp-json\/wp\/v2\/tags?post=22359"}],"curies":[{"name":"wp","href":"https:\/\/api.w.org\/{rel}","templated":true}]}}