{"id":22356,"date":"2024-12-16T18:31:37","date_gmt":"2024-12-16T21:31:37","guid":{"rendered":"https:\/\/jm-metropole.com.br\/site\/?p=22356"},"modified":"2024-12-16T18:31:37","modified_gmt":"2024-12-16T21:31:37","slug":"natal-e-ano-novo-confira-o-que-abre-e-o-que-fecha-em-itaqua","status":"publish","type":"post","link":"https:\/\/jm-metropole.com.br\/site\/natal-e-ano-novo-confira-o-que-abre-e-o-que-fecha-em-itaqua\/","title":{"rendered":"Natal e Ano Novo: Confira o que abre e o que fecha em Itaqu\u00e1"},"content":{"rendered":"<p>Servi\u00e7os essenciais ser\u00e3o mantidos<\/p>\n<p>A Prefeitura de Itaquaquecetuba n\u00e3o ter\u00e1 expediente administrativo nos feriados do dia 25 de dezembro e 1\u00ba de janeiro, assim como nos pontos facultativos de 23, 24, 30 e 31 de dezembro. O atendimento dos servi\u00e7os essenciais em unidades de urg\u00eancia e emerg\u00eancia (CS 24h, CSI e UPA), SAMU, ambul\u00e2ncias, coleta de lixo, Defesa Civil, GCM, servi\u00e7os de ilumina\u00e7\u00e3o p\u00fablica de emerg\u00eancia e cemit\u00e9rios ser\u00e3o mantidos.<\/p>\n<p>As feiras livres tamb\u00e9m v\u00e3o funcionar e para quem precisar comprar produtos para compor a ceia, uma op\u00e7\u00e3o \u00e0s ter\u00e7as \u00e9 a feira do Jardim Nossa Senhora D&#8217;Ajuda, na rua Piracicaba, e do Jardim Patr\u00edcia, na rua Assis Vieira.<\/p>\n<p>O Parque Ecol\u00f3gico Mario do Canto funcionar\u00e1 todos os dias, das 7h \u00e0s 17h. J\u00e1 os 20 ecopontos, a cooperativa de reciclagem Itaqu\u00e1 Recicla e o restaurante Bom Prato n\u00e3o v\u00e3o operar nos dias 25 e 1\u00ba de janeiro. Nas v\u00e9speras funcionam normalmente.<\/p>\n<p>Para os contribuintes que precisam negociar d\u00edvidas municipais, a ades\u00e3o ao Refis pode ser feita pelo site (itaquaquecetuba.sp.gov.br\/refis-2024) ou no Departamento de D\u00edvida Ativa (av. Ver. Jos\u00e9 Barbosa de Ara\u00fajo, 260 \u2013 Vila Virg\u00ednia) que funcionar\u00e1 nos dias 26 e 27, das 9h \u00e0s 15h, para retirada de senha. O programa vai at\u00e9 30 de dezembro.<\/p>\n<p>A GCM seguir\u00e1 com a Opera\u00e7\u00e3o Natal Azul, com policiamento preventivo nos centros comerciais do Centro, Parque Piratininga, Caiuby e Jardim Odete, e nas principais vias de acesso. O objetivo \u00e9 garantir a tranquilidade da popula\u00e7\u00e3o e dos comerciantes, al\u00e9m de coibir pr\u00e1ticas il\u00edcitas durante as compras.<\/p>\n<p>Foto: Dayane Oliveira<\/p>\n","protected":false},"excerpt":{"rendered":"<p>Servi\u00e7os essenciais ser\u00e3o mantidos A Prefeitura de Itaquaquecetuba n\u00e3o ter\u00e1 expediente administrativo nos feriados do dia 25 de dezembro e 1\u00ba de janeiro, assim como nos pontos facultativos de 23, 24, 30 e 31 de dezembro. O atendimento dos servi\u00e7os essenciais em unidades de urg\u00eancia e emerg\u00eancia (CS 24h, CSI e UPA), SAMU, ambul\u00e2ncias, coleta [&hellip;]<\/p>\n","protected":false},"author":1,"featured_media":22357,"comment_status":"open","ping_status":"open","sticky":false,"template":"","format":"standard","meta":{"footnotes":""},"categories":[6],"tags":[],"class_list":{"0":"post-22356","1":"post","2":"type-post","3":"status-publish","4":"format-standard","5":"has-post-thumbnail","7":"category-itaqua"},"_links":{"self":[{"href":"https:\/\/jm-metropole.com.br\/site\/wp-json\/wp\/v2\/posts\/22356","targetHints":{"allow":["GET"]}}],"collection":[{"href":"https:\/\/jm-metropole.com.br\/site\/wp-json\/wp\/v2\/posts"}],"about":[{"href":"https:\/\/jm-metropole.com.br\/site\/wp-json\/wp\/v2\/types\/post"}],"author":[{"embeddable":true,"href":"https:\/\/jm-metropole.com.br\/site\/wp-json\/wp\/v2\/users\/1"}],"replies":[{"embeddable":true,"href":"https:\/\/jm-metropole.com.br\/site\/wp-json\/wp\/v2\/comments?post=22356"}],"version-history":[{"count":1,"href":"https:\/\/jm-metropole.com.br\/site\/wp-json\/wp\/v2\/posts\/22356\/revisions"}],"predecessor-version":[{"id":22358,"href":"https:\/\/jm-metropole.com.br\/site\/wp-json\/wp\/v2\/posts\/22356\/revisions\/22358"}],"wp:featuredmedia":[{"embeddable":true,"href":"https:\/\/jm-metropole.com.br\/site\/wp-json\/wp\/v2\/media\/22357"}],"wp:attachment":[{"href":"https:\/\/jm-metropole.com.br\/site\/wp-json\/wp\/v2\/media?parent=22356"}],"wp:term":[{"taxonomy":"category","embeddable":true,"href":"https:\/\/jm-metropole.com.br\/site\/wp-json\/wp\/v2\/categories?post=22356"},{"taxonomy":"post_tag","embeddable":true,"href":"https:\/\/jm-metropole.com.br\/site\/wp-json\/wp\/v2\/tags?post=22356"}],"curies":[{"name":"wp","href":"https:\/\/api.w.org\/{rel}","templated":true}]}}