{"id":22353,"date":"2024-12-16T18:12:41","date_gmt":"2024-12-16T21:12:41","guid":{"rendered":"https:\/\/jm-metropole.com.br\/site\/?p=22353"},"modified":"2024-12-16T18:12:41","modified_gmt":"2024-12-16T21:12:41","slug":"bom-prato-oferece-almoco-especial-de-natal-e-ano-novo-nos-dias-24-e-31-de-dezembro","status":"publish","type":"post","link":"https:\/\/jm-metropole.com.br\/site\/bom-prato-oferece-almoco-especial-de-natal-e-ano-novo-nos-dias-24-e-31-de-dezembro\/","title":{"rendered":"Bom Prato oferece almo\u00e7o especial de Natal e Ano Novo nos dias 24 e 31 de dezembro"},"content":{"rendered":"<p>Almo\u00e7o ser\u00e1 oferecido ao pre\u00e7o tradicional de R$ 1<\/p>\n<p>O Bom Prato de Itaquaquecetuba vai oferecer um card\u00e1pio especial de almo\u00e7o em comemora\u00e7\u00e3o ao Natal e Ano Novo. Nos dias 24 e 31 de dezembro as refei\u00e7\u00f5es ser\u00e3o servidas a partir das 10h30, atendendo preferencialmente aos idosos, e \u00e0s 11h o p\u00fablico em geral. O almo\u00e7o ser\u00e1 oferecido ao pre\u00e7o tradicional de R$ 1.<\/p>\n<p>Na v\u00e9spera de Natal, dia 24, o card\u00e1pio ter\u00e1 arroz \u00e0 grega, feij\u00e3o com bacon, lombo ao molho de laranja, batata bolinha gratinada com azeitonas pretas, salada e p\u00e3o de mel como sobremesa.<\/p>\n<p>J\u00e1 no dia 31, v\u00e9spera de Ano Novo, o card\u00e1pio ter\u00e1 como prato principal arroz com cenoura, feij\u00e3o com calabresa, sobrecoxa ao molho de mel e p\u00e1prica, macarr\u00e3o ao pesto de amendoim, salada e pera de sobremesa.<\/p>\n<p>&#8220;Estamos finalizando mais um ano e \u00e9 gratificante comemorar com uma alimenta\u00e7\u00e3o que tem um elevado valor nutritivo. A popula\u00e7\u00e3o de Itaqu\u00e1 merece refei\u00e7\u00f5es de qualidade&#8221;, disse o secret\u00e1rio de Abastecimento, Seguran\u00e7a Alimentar e Agricultura, Rolgaciano Fernandes.<\/p>\n<p>A unidade do Bom Prato est\u00e1 localizada na rua Anchieta, 78 \u2013 Centro, com funcionamento de segunda a sexta-feira, servindo diariamente 300 caf\u00e9s da manh\u00e3 e 1,3 mil refei\u00e7\u00f5es entre almo\u00e7o e jantar. O caf\u00e9 da manh\u00e3 \u00e9 servido das 7h \u00e0s 9h, o almo\u00e7o das 10h30 \u00e0s 14h e o jantar das 17h \u00e0s 18h.<\/p>\n<p>&#8220;H\u00e1 12 anos temos essa parceria com o governo estadual aqui no munic\u00edpio. O Bom Prato tem um pre\u00e7o acess\u00edvel e, por isso, conseguimos atender toda a popula\u00e7\u00e3o. O programa \u00e9 muito importante para Itaqu\u00e1 e garante uma alimenta\u00e7\u00e3o de qualidade em uma data t\u00e3o especial&#8221;, finalizou o prefeito Eduardo Boigues.<\/p>\n<p>Fotos: Eduardo Borges<\/p>\n","protected":false},"excerpt":{"rendered":"<p>Almo\u00e7o ser\u00e1 oferecido ao pre\u00e7o tradicional de R$ 1 O Bom Prato de Itaquaquecetuba vai oferecer um card\u00e1pio especial de almo\u00e7o em comemora\u00e7\u00e3o ao Natal e Ano Novo. Nos dias 24 e 31 de dezembro as refei\u00e7\u00f5es ser\u00e3o servidas a partir das 10h30, atendendo preferencialmente aos idosos, e \u00e0s 11h o p\u00fablico em geral. O [&hellip;]<\/p>\n","protected":false},"author":1,"featured_media":22354,"comment_status":"open","ping_status":"open","sticky":false,"template":"","format":"standard","meta":{"footnotes":""},"categories":[6],"tags":[],"class_list":{"0":"post-22353","1":"post","2":"type-post","3":"status-publish","4":"format-standard","5":"has-post-thumbnail","7":"category-itaqua"},"_links":{"self":[{"href":"https:\/\/jm-metropole.com.br\/site\/wp-json\/wp\/v2\/posts\/22353","targetHints":{"allow":["GET"]}}],"collection":[{"href":"https:\/\/jm-metropole.com.br\/site\/wp-json\/wp\/v2\/posts"}],"about":[{"href":"https:\/\/jm-metropole.com.br\/site\/wp-json\/wp\/v2\/types\/post"}],"author":[{"embeddable":true,"href":"https:\/\/jm-metropole.com.br\/site\/wp-json\/wp\/v2\/users\/1"}],"replies":[{"embeddable":true,"href":"https:\/\/jm-metropole.com.br\/site\/wp-json\/wp\/v2\/comments?post=22353"}],"version-history":[{"count":1,"href":"https:\/\/jm-metropole.com.br\/site\/wp-json\/wp\/v2\/posts\/22353\/revisions"}],"predecessor-version":[{"id":22355,"href":"https:\/\/jm-metropole.com.br\/site\/wp-json\/wp\/v2\/posts\/22353\/revisions\/22355"}],"wp:featuredmedia":[{"embeddable":true,"href":"https:\/\/jm-metropole.com.br\/site\/wp-json\/wp\/v2\/media\/22354"}],"wp:attachment":[{"href":"https:\/\/jm-metropole.com.br\/site\/wp-json\/wp\/v2\/media?parent=22353"}],"wp:term":[{"taxonomy":"category","embeddable":true,"href":"https:\/\/jm-metropole.com.br\/site\/wp-json\/wp\/v2\/categories?post=22353"},{"taxonomy":"post_tag","embeddable":true,"href":"https:\/\/jm-metropole.com.br\/site\/wp-json\/wp\/v2\/tags?post=22353"}],"curies":[{"name":"wp","href":"https:\/\/api.w.org\/{rel}","templated":true}]}}