{"id":22345,"date":"2024-12-16T13:52:53","date_gmt":"2024-12-16T16:52:53","guid":{"rendered":"https:\/\/jm-metropole.com.br\/site\/?p=22345"},"modified":"2024-12-16T13:52:53","modified_gmt":"2024-12-16T16:52:53","slug":"praca-do-coreto-recebe-amigos-e-familiares-para-mais-um-domingo-de-natal-encantado-em-aruja","status":"publish","type":"post","link":"https:\/\/jm-metropole.com.br\/site\/praca-do-coreto-recebe-amigos-e-familiares-para-mais-um-domingo-de-natal-encantado-em-aruja\/","title":{"rendered":"Pra\u00e7a do Coreto recebe amigos e familiares para mais um domingo de Natal Encantado em Aruj\u00e1"},"content":{"rendered":"<p>Neste domingo (15), a programa\u00e7\u00e3o preparada pela Prefeitura de Aruj\u00e1, pela Secretaria Municipal de Turismo e Lazer, foi pura anima\u00e7\u00e3o!<\/p>\n<p>A Fanfarra Municipal abriu a programa\u00e7\u00e3o, logo \u00e0s 18h, e contou uma apresenta\u00e7\u00e3o solo do jovem Adriel Freire Cabral, de 11 anos, que contagiou a todos com sucessos nacionais e tamb\u00e9m com m\u00fasicas autorais. Adriel tamb\u00e9m participa de atividades no Centro de Conviv\u00eancia da Crian\u00e7a e do Adolescente (CCCA) Barreto.<\/p>\n<p>Andrea Lacorte foi o nome que agitou a plateia. E o encerramento do dia foi tomado pela magia do Show de Natal da Cinderela, \u00e0s 21h.<\/p>\n<p>A programa\u00e7\u00e3o natalina em Aruj\u00e1 retorna na pr\u00f3xima sexta-feira (20) com um show infantil de &#8220;Sandy Mel e sua Turma&#8221;, &#8220;Magia de Natal&#8221; e Binho Prado e Banda.<\/p>\n<p>Lembrando que a Casa do Papai Noel, Trenzinho e Parque de Divers\u00f5es, todos gratuitos, funcionam a partir das 18h na sexta-feira, s\u00e1bado e domingo.<\/p>\n","protected":false},"excerpt":{"rendered":"<p>Neste domingo (15), a programa\u00e7\u00e3o preparada pela Prefeitura de Aruj\u00e1, pela Secretaria Municipal de Turismo e Lazer, foi pura anima\u00e7\u00e3o! A Fanfarra Municipal abriu a programa\u00e7\u00e3o, logo \u00e0s 18h, e contou uma apresenta\u00e7\u00e3o solo do jovem Adriel Freire Cabral, de 11 anos, que contagiou a todos com sucessos nacionais e tamb\u00e9m com m\u00fasicas autorais. Adriel [&hellip;]<\/p>\n","protected":false},"author":1,"featured_media":22346,"comment_status":"open","ping_status":"open","sticky":false,"template":"","format":"standard","meta":{"footnotes":""},"categories":[4,48,47],"tags":[],"class_list":{"0":"post-22345","1":"post","2":"type-post","3":"status-publish","4":"format-standard","5":"has-post-thumbnail","7":"category-aruja","8":"category-geral","9":"category-turismo"},"_links":{"self":[{"href":"https:\/\/jm-metropole.com.br\/site\/wp-json\/wp\/v2\/posts\/22345","targetHints":{"allow":["GET"]}}],"collection":[{"href":"https:\/\/jm-metropole.com.br\/site\/wp-json\/wp\/v2\/posts"}],"about":[{"href":"https:\/\/jm-metropole.com.br\/site\/wp-json\/wp\/v2\/types\/post"}],"author":[{"embeddable":true,"href":"https:\/\/jm-metropole.com.br\/site\/wp-json\/wp\/v2\/users\/1"}],"replies":[{"embeddable":true,"href":"https:\/\/jm-metropole.com.br\/site\/wp-json\/wp\/v2\/comments?post=22345"}],"version-history":[{"count":1,"href":"https:\/\/jm-metropole.com.br\/site\/wp-json\/wp\/v2\/posts\/22345\/revisions"}],"predecessor-version":[{"id":22347,"href":"https:\/\/jm-metropole.com.br\/site\/wp-json\/wp\/v2\/posts\/22345\/revisions\/22347"}],"wp:featuredmedia":[{"embeddable":true,"href":"https:\/\/jm-metropole.com.br\/site\/wp-json\/wp\/v2\/media\/22346"}],"wp:attachment":[{"href":"https:\/\/jm-metropole.com.br\/site\/wp-json\/wp\/v2\/media?parent=22345"}],"wp:term":[{"taxonomy":"category","embeddable":true,"href":"https:\/\/jm-metropole.com.br\/site\/wp-json\/wp\/v2\/categories?post=22345"},{"taxonomy":"post_tag","embeddable":true,"href":"https:\/\/jm-metropole.com.br\/site\/wp-json\/wp\/v2\/tags?post=22345"}],"curies":[{"name":"wp","href":"https:\/\/api.w.org\/{rel}","templated":true}]}}