{"id":22342,"date":"2024-12-16T13:04:29","date_gmt":"2024-12-16T16:04:29","guid":{"rendered":"https:\/\/jm-metropole.com.br\/site\/?p=22342"},"modified":"2024-12-16T13:04:29","modified_gmt":"2024-12-16T16:04:29","slug":"mara-bertaiolli-anuncia-ary-kamiyama-para-o-comando-da-secretaria-de-mobilidade-e-confirma-projeto-integra-mogi","status":"publish","type":"post","link":"https:\/\/jm-metropole.com.br\/site\/mara-bertaiolli-anuncia-ary-kamiyama-para-o-comando-da-secretaria-de-mobilidade-e-confirma-projeto-integra-mogi\/","title":{"rendered":"Mara Bertaiolli anuncia Ary Kamiyama para o comando da Secretaria de Mobilidade e confirma projeto Integra Mogi"},"content":{"rendered":"<p><em>Ao lado do vice-prefeito eleito T\u00e9o Cusatis, a prefeita eleita apresentou o novo comando da pasta, que tem entre os desafios buscar melhorias para o tr\u00e2nsito, transporte p\u00fablico e vias de acesso<\/em><\/p>\n<p>&nbsp;<\/p>\n<p>A gest\u00e3o Mara Bertaiolli e T\u00e9o Cusatis acabou de ganhar mais um nome de peso. O coronel Ary Kunihiro Kamiyama ser\u00e1 o respons\u00e1vel por comandar a Secretaria Municipal de Mobilidade Urbana e sanar um dos principais desafios da cidade: o tr\u00e2nsito ca\u00f3tico, problemas no transporte p\u00fablico e vias de acesso em Mogi das Cruzes.<\/p>\n<p>\u201cDurante a nossa caminhada, ouvimos diversas reclama\u00e7\u00f5es sobre o tr\u00e2nsito, falta de \u00f4nibus e aus\u00eancia de cuidados com o mogiano. Quem vai nos ajudar a colocar a nossa cidade nos eixos, garantir um transporte p\u00fablico digno e respeito ao mogiano \u00e9 o coronel Ary Kamiyama, que traz na bagagem extensa experi\u00eancia profissional, n\u00e3o s\u00f3 no comando policial da nossa cidade e Estado de S\u00e3o Paulo, mas na estrat\u00e9gia de organiza\u00e7\u00e3o e solu\u00e7\u00e3o de problemas vi\u00e1rios\u201d, afirmou a prefeita eleita.<\/p>\n<p>Ao divulgar mais um profissional escolhido para integrar o seu governo, Mara Bertaiolli enfatizou a preocupa\u00e7\u00e3o com a \u00e1rea: \u201cEssa \u00e9 uma das grandes prioridades na nossa gest\u00e3o. Ao lado da nossa equipe, vamos reconstruir Mogi das Cruzes\u201d, refor\u00e7ou.<\/p>\n<p>Entre os projetos a serem implementados pela pr\u00f3xima gest\u00e3o, o vice-prefeito eleito T\u00e9o Cusatis citou o \u201cIntegra Mogi\u201d, que entre outras a\u00e7\u00f5es prev\u00ea a conclus\u00e3o do Anel Vi\u00e1rio &#8211; interligando Mogi-Bertioga, Cezar de Souza, Via Perimetral, Mogi-Dutra e, mais \u00e0 frente, a Avenida das Orqu\u00eddeas. \u201c\u00c9 um projeto grande, necess\u00e1rio e que ser\u00e1 realizado pela nossa gest\u00e3o, integrando ainda Jundiapeba com as demais regi\u00f5es elencadas\u201d, disse.<\/p>\n<p>Outra a\u00e7\u00e3o que ser\u00e1 implementada pelo coronel Kamiyama \u00e9 o Pit Stop, destinado aos motoboys e motoristas de aplicativo. \u201cMogi voltar\u00e1 a garantir respeito, acesso, seguran\u00e7a e dignidade para todos\u201d, declarou Cusatis.<\/p>\n<p>&nbsp;<\/p>\n<p><strong>EXPERI\u00caNCIA <\/strong><\/p>\n<p>Bacharel e mestre em Ci\u00eancias Policiais de Seguran\u00e7a e Ordem P\u00fablica (2012) pelo Centro de Altos Estudos da Academia de Pol\u00edcia Militar do Barro Branco (APMBB), Kamiyama ingressou na Pol\u00edcia Militar em 1986, foi comandante do 17\u00ba Batalh\u00e3o de Pol\u00edcia Militar de Mogi das Cruzes, comandante-interino do Comando de Policiamento de \u00c1rea Metropolitana (CPAM-12) e coordenador geral de Pessoas do Instituto Brasileiro do Meio Ambiente e dos Recursos Naturais Renov\u00e1veis, do Minist\u00e9rio do Meio Ambiente.<\/p>\n<p>Atualmente, \u00e9 consultor de Seguran\u00e7a da JICA &#8211; Ag\u00eancia de Coopera\u00e7\u00e3o Internacional do Jap\u00e3o e recebeu, em 2024, o &#8220;Pr\u00eamio Representante-Chefe da Ag\u00eancia de Coopera\u00e7\u00e3o Internacional do Jap\u00e3o&#8221;.<\/p>\n<p>Anunciado por Mara Bertaiolli e T\u00e9o Cusatis, Kamiyama agradeceu a confian\u00e7a. \u201cEu, como usu\u00e1rio do sistema de transporte mogiano, me sinto muito honrado e confirmo meu compromisso. Temos grandes desafios \u00e0 frente, mas muita disposi\u00e7\u00e3o para cumprir nossa miss\u00e3o por Mogi\u201d, garantiu.<\/p>\n","protected":false},"excerpt":{"rendered":"<p>Ao lado do vice-prefeito eleito T\u00e9o Cusatis, a prefeita eleita apresentou o novo comando da pasta, que tem entre os desafios buscar melhorias para o tr\u00e2nsito, transporte p\u00fablico e vias de acesso &nbsp; A gest\u00e3o Mara Bertaiolli e T\u00e9o Cusatis acabou de ganhar mais um nome de peso. O coronel Ary Kunihiro Kamiyama ser\u00e1 o [&hellip;]<\/p>\n","protected":false},"author":1,"featured_media":22343,"comment_status":"open","ping_status":"open","sticky":false,"template":"","format":"standard","meta":{"footnotes":""},"categories":[10],"tags":[],"class_list":{"0":"post-22342","1":"post","2":"type-post","3":"status-publish","4":"format-standard","5":"has-post-thumbnail","7":"category-mogi-das-cruzes"},"_links":{"self":[{"href":"https:\/\/jm-metropole.com.br\/site\/wp-json\/wp\/v2\/posts\/22342","targetHints":{"allow":["GET"]}}],"collection":[{"href":"https:\/\/jm-metropole.com.br\/site\/wp-json\/wp\/v2\/posts"}],"about":[{"href":"https:\/\/jm-metropole.com.br\/site\/wp-json\/wp\/v2\/types\/post"}],"author":[{"embeddable":true,"href":"https:\/\/jm-metropole.com.br\/site\/wp-json\/wp\/v2\/users\/1"}],"replies":[{"embeddable":true,"href":"https:\/\/jm-metropole.com.br\/site\/wp-json\/wp\/v2\/comments?post=22342"}],"version-history":[{"count":1,"href":"https:\/\/jm-metropole.com.br\/site\/wp-json\/wp\/v2\/posts\/22342\/revisions"}],"predecessor-version":[{"id":22344,"href":"https:\/\/jm-metropole.com.br\/site\/wp-json\/wp\/v2\/posts\/22342\/revisions\/22344"}],"wp:featuredmedia":[{"embeddable":true,"href":"https:\/\/jm-metropole.com.br\/site\/wp-json\/wp\/v2\/media\/22343"}],"wp:attachment":[{"href":"https:\/\/jm-metropole.com.br\/site\/wp-json\/wp\/v2\/media?parent=22342"}],"wp:term":[{"taxonomy":"category","embeddable":true,"href":"https:\/\/jm-metropole.com.br\/site\/wp-json\/wp\/v2\/categories?post=22342"},{"taxonomy":"post_tag","embeddable":true,"href":"https:\/\/jm-metropole.com.br\/site\/wp-json\/wp\/v2\/tags?post=22342"}],"curies":[{"name":"wp","href":"https:\/\/api.w.org\/{rel}","templated":true}]}}