{"id":21860,"date":"2024-11-20T08:06:14","date_gmt":"2024-11-20T11:06:14","guid":{"rendered":"https:\/\/jm-metropole.com.br\/site\/?p=21860"},"modified":"2024-11-20T08:06:14","modified_gmt":"2024-11-20T11:06:14","slug":"obras-que-garantirao-hemodialise-no-hrat-comecam-no-primeiro-semestre-de-2025","status":"publish","type":"post","link":"https:\/\/jm-metropole.com.br\/site\/obras-que-garantirao-hemodialise-no-hrat-comecam-no-primeiro-semestre-de-2025\/","title":{"rendered":"Obras que garantir\u00e3o hemodi\u00e1lise no HRAT come\u00e7am no primeiro semestre de 2025"},"content":{"rendered":"<p>An\u00fancio foi feito ap\u00f3s tratativas do prefeito Rodrigo Ashiuchi e do presidente da Alesp, Andr\u00e9 do Prado, junto ao governo do Estado<\/p>\n<p>As obras que garantir\u00e3o o servi\u00e7o de hemodi\u00e1lise no Hospital Regional do Alto Tiet\u00ea (HRAT), situado na rua Dr. Prudente de Morais, 2.200, na Vila Amorim, come\u00e7ar\u00e3o no in\u00edcio de 2025 para que o tratamento de pacientes renais na unidade possa ser disponibilizado j\u00e1 no segundo semestre.<\/p>\n<p>O an\u00fancio foi feito na \u00faltima segunda-feira (18\/11) pelo prefeito Rodrigo Ashiuchi e pelo presidente da Assembleia Legislativa do Estado de S\u00e3o Paulo (Alesp), o deputado Andr\u00e9 do Prado, em reuni\u00e3o no Pal\u00e1cio 9 de Julho, sede da Casa de Leis, na capital paulista, ap\u00f3s tratativas com o governo estadual. A confirma\u00e7\u00e3o veio do secret\u00e1rio de Estado da Sa\u00fade, Eleuses Paiva, durante contato com o parlamentar, que atendeu \u00e0 solicita\u00e7\u00e3o protocolada pelo chefe do Executivo municipal suzanense.<\/p>\n<p>A conquista \u00e9 fruto de um di\u00e1logo que foi avan\u00e7ando entre as partes ao longo de 2024. Em abril, em meio a uma reuni\u00e3o do Cons\u00f3rcio de Desenvolvimento dos Munic\u00edpios do Alto Tiet\u00ea (Condemat+), tamb\u00e9m na capital, j\u00e1 havia o indicativo de que essa inten\u00e7\u00e3o poderia ser viabilizada, pois, na ocasi\u00e3o, o prefeito de Suzano ouviu do secret\u00e1rio estadual que seu pedido seria atendido.<\/p>\n<p>Antes, em dezembro de 2023, durante a entrega do hospital, o prefeito j\u00e1 havia revelado a batalha pela cria\u00e7\u00e3o do setor, que vai promover um melhor atendimento aos moradores da regi\u00e3o, sem a necessidade de grandes deslocamentos para outras regi\u00f5es da Grande S\u00e3o Paulo.<\/p>\n<p>Segundo a expectativa do governo de S\u00e3o Paulo, o projeto seria implementado por meio da assinatura de uma ordem de servi\u00e7o que projetava o acolhimento de at\u00e9 240 pacientes, distribu\u00eddos em tr\u00eas turnos, com a utiliza\u00e7\u00e3o de 40 novas m\u00e1quinas. Diante da demanda do Alto Tiet\u00ea, a capacidade poderia chegar a 320 pessoas, desde que houvesse a amplia\u00e7\u00e3o de mais um turno.<\/p>\n<p>Na reuni\u00e3o de segunda-feira, tamb\u00e9m foi destacado que tramita no Poder Legislativo estadual o Projeto de Lei 546\/2024, que prop\u00f5e batizar o atual HRAT com o nome do ex-deputado Estevam Galv\u00e3o de Oliveira, que faleceu em 29 de junho, por conta de seus mais de 50 anos de vida p\u00fablica, per\u00edodo que exerceu os cargos de vereador, quatro vezes prefeito de Suzano, deputado federal e por cinco mandatos como deputado estadual. O documento \u00e9 de autoria do deputado estadual Carlos Cezar, por iniciativa do presidente da Alesp, com coautoria do tamb\u00e9m parlamentar paulista Marcos Damasio, conforme veiculado no site da Casa de Leis (http:\/\/www.al.sp.gov.br\/noticia\/?id=482206 ) em 15 de agosto.<\/p>\n<p>Andr\u00e9 do Prado refor\u00e7ou a parceria com a administra\u00e7\u00e3o municipal suzanense para buscar mais esse avan\u00e7o para a cidade. \u201cO prefeito Rodrigo Ashiuchi est\u00e1 sempre conosco mostrando sua preocupa\u00e7\u00e3o em melhorar a sa\u00fade do Alto Tiet\u00ea. Por isso, mantivemos esse contato com o secret\u00e1rio Eleuses e com o governador Tarc\u00edsio de Freitas, para ampliar a quantidade de leitos e refor\u00e7ar o tratamento da nossa popula\u00e7\u00e3o. Ano que vem a hemodi\u00e1lise ser\u00e1 realidade no Hospital Regional\u201d, declarou o chefe do Poder Legislativo paulista.<\/p>\n<p>O prefeito, por sua vez, agradeceu o apoio da Alesp, da Secretaria de Estado da Sa\u00fade e do governo de S\u00e3o Paulo para poder anunciar \u00e0 popula\u00e7\u00e3o a implementa\u00e7\u00e3o do servi\u00e7o de hemodi\u00e1lise na unidade. \u201cEu sei da necessidade deste atendimento para nossa popula\u00e7\u00e3o e, por isso, viemos pessoalmente \u00e0 presid\u00eancia da Alesp, nos reunir com nosso parceiro Andr\u00e9 do Prado para solicitar mais esse apoio. A hemodi\u00e1lise \u00e9 fundamental para os pacientes de Suzano e de todo o Alto Tiet\u00ea. Agora temos que celebrar os resultados do trabalho de todos os envolvidos, e, assim, aproveito para cumprimentar o secret\u00e1rio Eleuses Paiva e o governador Tarc\u00edsio de Freitas, pela aten\u00e7\u00e3o com o nosso munic\u00edpio e nossa regi\u00e3o\u201d, ressaltou Ashiuchi.<\/p>\n<p>O hospital<\/p>\n<p>O HRAT foi inaugurado no dia 5 de dezembro do ano passado, no espa\u00e7o onde funcionava o antigo Hospital das Cl\u00ednicas (HC), para se tornar uma unidade de refer\u00eancia no atendimento do Sistema \u00danico de Sa\u00fade (SUS) de m\u00e9dia e alta complexidade, contemplando moradores de 11 munic\u00edpios da regi\u00e3o. Conforme veiculado no site do governo de S\u00e3o Paulo (http:\/\/www.saude.sp.gov.br ), foram investidos R$ 18,2 milh\u00f5es no equipamento durante o ano passado.<\/p>\n<p>O hospital tem capacidade para 189 leitos, sendo dez de Unidade de Terapia Intensiva (UTI) adulta; uma ala de longa perman\u00eancia, com 68 leitos ativos para atendimento a pacientes que necessitam de cuidado integral, cont\u00ednuo e reabilita\u00e7\u00e3o; e tamb\u00e9m 20 leitos de Cl\u00ednica cir\u00fargica, 30 de Cl\u00ednica M\u00e9dica e dez de UTI, com capacidade para 408 interna\u00e7\u00f5es por m\u00eas.<\/p>\n<p>A estrutura conta com um bloco para pacientes cr\u00f4nicos e outro s\u00f3 para cirurgias, al\u00e9m de duas salas cir\u00fargicas, seis ambulat\u00f3rios e um setor de fisioterapia para pacientes internados para tratamento cont\u00ednuo. A unidade ainda conta com um espa\u00e7o espec\u00edfico para coleta de exames e salas de apoio para equipe multiprofissional.<\/p>\n<p>Cr\u00e9ditos das fotos: Wanderley Costa\/Secop Suzano e Divulga\u00e7\u00e3o\/Secop Suzano<\/p>\n","protected":false},"excerpt":{"rendered":"<p>An\u00fancio foi feito ap\u00f3s tratativas do prefeito Rodrigo Ashiuchi e do presidente da Alesp, Andr\u00e9 do Prado, junto ao governo do Estado As obras que garantir\u00e3o o servi\u00e7o de hemodi\u00e1lise no Hospital Regional do Alto Tiet\u00ea (HRAT), situado na rua Dr. Prudente de Morais, 2.200, na Vila Amorim, come\u00e7ar\u00e3o no in\u00edcio de 2025 para que [&hellip;]<\/p>\n","protected":false},"author":1,"featured_media":21861,"comment_status":"open","ping_status":"open","sticky":false,"template":"","format":"standard","meta":{"footnotes":""},"categories":[9],"tags":[],"class_list":{"0":"post-21860","1":"post","2":"type-post","3":"status-publish","4":"format-standard","5":"has-post-thumbnail","7":"category-suzano"},"_links":{"self":[{"href":"https:\/\/jm-metropole.com.br\/site\/wp-json\/wp\/v2\/posts\/21860","targetHints":{"allow":["GET"]}}],"collection":[{"href":"https:\/\/jm-metropole.com.br\/site\/wp-json\/wp\/v2\/posts"}],"about":[{"href":"https:\/\/jm-metropole.com.br\/site\/wp-json\/wp\/v2\/types\/post"}],"author":[{"embeddable":true,"href":"https:\/\/jm-metropole.com.br\/site\/wp-json\/wp\/v2\/users\/1"}],"replies":[{"embeddable":true,"href":"https:\/\/jm-metropole.com.br\/site\/wp-json\/wp\/v2\/comments?post=21860"}],"version-history":[{"count":1,"href":"https:\/\/jm-metropole.com.br\/site\/wp-json\/wp\/v2\/posts\/21860\/revisions"}],"predecessor-version":[{"id":21862,"href":"https:\/\/jm-metropole.com.br\/site\/wp-json\/wp\/v2\/posts\/21860\/revisions\/21862"}],"wp:featuredmedia":[{"embeddable":true,"href":"https:\/\/jm-metropole.com.br\/site\/wp-json\/wp\/v2\/media\/21861"}],"wp:attachment":[{"href":"https:\/\/jm-metropole.com.br\/site\/wp-json\/wp\/v2\/media?parent=21860"}],"wp:term":[{"taxonomy":"category","embeddable":true,"href":"https:\/\/jm-metropole.com.br\/site\/wp-json\/wp\/v2\/categories?post=21860"},{"taxonomy":"post_tag","embeddable":true,"href":"https:\/\/jm-metropole.com.br\/site\/wp-json\/wp\/v2\/tags?post=21860"}],"curies":[{"name":"wp","href":"https:\/\/api.w.org\/{rel}","templated":true}]}}