{"id":21857,"date":"2024-11-20T08:04:43","date_gmt":"2024-11-20T11:04:43","guid":{"rendered":"https:\/\/jm-metropole.com.br\/site\/?p=21857"},"modified":"2024-11-20T08:04:43","modified_gmt":"2024-11-20T11:04:43","slug":"itaqua-entrega-cooperativa-de-reciclagem-e-inicia-coleta-seletiva-porta-a-porta","status":"publish","type":"post","link":"https:\/\/jm-metropole.com.br\/site\/itaqua-entrega-cooperativa-de-reciclagem-e-inicia-coleta-seletiva-porta-a-porta\/","title":{"rendered":"Itaqu\u00e1 entrega cooperativa de reciclagem e inicia coleta seletiva porta a porta"},"content":{"rendered":"<p>Coleta come\u00e7a nesta quarta (20) no Piratininga I<\/p>\n<p>Para promover a sustentabilidade e a conserva\u00e7\u00e3o ambiental, a Prefeitura de Itaquaquecetuba inaugurou nesta ter\u00e7a-feira (19) a cooperativa de reciclagem Itaqu\u00e1 Recicla. O equipamento far\u00e1 a destina\u00e7\u00e3o correta de res\u00edduos s\u00f3lidos e recicl\u00e1veis por meio da coleta seletiva implementada no munic\u00edpio.<\/p>\n<p>A cerim\u00f4nia de inaugura\u00e7\u00e3o contou com a presen\u00e7a do prefeito Eduardo Boigues, da primeira-dama Mila Prates, que idealizou o projeto em parceria com a Secretaria de Meio Ambiente e Saneamento, secret\u00e1rios, vereadores, mun\u00edcipes, al\u00e9m de representantes da Peralta Ambiental e do Instituto Ra\u00edzes do Brasil, que fazem o gerenciamento da cooperativa.<\/p>\n<p>&#8220;O projeto nasceu em 2021, junto ao Itaqu\u00e1 Limpo, mascote criado pelos estudantes da rede municipal de ensino em um concurso sobre educa\u00e7\u00e3o ambiental, que deu certo. Estou muito feliz por essa conquista para a nossa cidade. \u00c9 mais uma iniciativa sustent\u00e1vel que saiu do papel&#8221;, disse a primeira-dama.<\/p>\n<p>O servi\u00e7o de coleta porta a porta ser\u00e1 realizado de segunda a s\u00e1bado para recolher materiais como papel, papel\u00e3o, a\u00e7o, lat\u00e3o, cobre, vidro, isopor, eletrodom\u00e9sticos e eletroeletr\u00f4nicos. Eles passar\u00e3o por triagem, separa\u00e7\u00e3o, prensa e ser\u00e3o vendidos para ind\u00fastrias. Dessa forma, retornam para a cadeia produtiva sem ir para aterros.<\/p>\n<p>&#8220;A cooperativa trar\u00e1 in\u00fameros benef\u00edcios ambientais como reduzir a quantidade de res\u00edduos descartados de maneira inadequada, promover a reciclagem e o reaproveitamento de materiais, al\u00e9m de contribuir com a preserva\u00e7\u00e3o do meio ambiente&#8221;, destacou a secret\u00e1ria de Meio Ambiente, Yasmim Zampieri.<\/p>\n<p>O caminh\u00e3o vai passar nos bairros seguindo um cronograma: na segunda, contempla o Jardim Moraes, Jardim Americano, Jardim Adriane e Residencial Palmas de Itaqu\u00e1. Na ter\u00e7a \u00e9 a vez do Jardim Gon\u00e7alves e o Monte Belo. Na quarta, vai passar pelo Piratininga I.<\/p>\n<p>J\u00e1 na quinta, Vila Nova Itaqu\u00e1, Vila Nely, Vila Menezes e Vila Jap\u00e3o ser\u00e3o beneficiados. Na sexta \u00e9 a vez do Piratininga II e no s\u00e1bado, para fechar, passa pelo Jardim Odete e Vila S\u00e3o Carlos. O servi\u00e7o come\u00e7a nesta quarta (20) e, seguindo o cronograma, moradores do Piratininga I ser\u00e3o atendidos.<\/p>\n<p>&#8220;A coleta seletiva porta a porta come\u00e7ar\u00e1 de maneira gradual at\u00e9 atender todos os bairros. Os res\u00edduos recolhidos nas casas, assim como os recicl\u00e1veis descartados nos ecopontos, ter\u00e3o como destino a cooperativa, que tamb\u00e9m vai gerar renda para os cooperados, que ter\u00e3o emprego formal e um ambiente adequado para realizar as atividades&#8221;, ressaltou o prefeito.<\/p>\n<p>O galp\u00e3o, que fica na rua Sorocaba, 675, na Vila Monte Belo, conta com infraestrutura completa para atender as demandas dos cooperados, dentre elas banheiro, vesti\u00e1rio, copa para alimenta\u00e7\u00e3o e equipamentos como prensa, balan\u00e7a e esteira para o desenvolvimento das atividades.<\/p>\n<p>Fotos: Eduardo Borges<\/p>\n","protected":false},"excerpt":{"rendered":"<p>Coleta come\u00e7a nesta quarta (20) no Piratininga I Para promover a sustentabilidade e a conserva\u00e7\u00e3o ambiental, a Prefeitura de Itaquaquecetuba inaugurou nesta ter\u00e7a-feira (19) a cooperativa de reciclagem Itaqu\u00e1 Recicla. O equipamento far\u00e1 a destina\u00e7\u00e3o correta de res\u00edduos s\u00f3lidos e recicl\u00e1veis por meio da coleta seletiva implementada no munic\u00edpio. A cerim\u00f4nia de inaugura\u00e7\u00e3o contou com [&hellip;]<\/p>\n","protected":false},"author":1,"featured_media":21858,"comment_status":"open","ping_status":"open","sticky":false,"template":"","format":"standard","meta":{"footnotes":""},"categories":[6],"tags":[],"class_list":{"0":"post-21857","1":"post","2":"type-post","3":"status-publish","4":"format-standard","5":"has-post-thumbnail","7":"category-itaqua"},"_links":{"self":[{"href":"https:\/\/jm-metropole.com.br\/site\/wp-json\/wp\/v2\/posts\/21857","targetHints":{"allow":["GET"]}}],"collection":[{"href":"https:\/\/jm-metropole.com.br\/site\/wp-json\/wp\/v2\/posts"}],"about":[{"href":"https:\/\/jm-metropole.com.br\/site\/wp-json\/wp\/v2\/types\/post"}],"author":[{"embeddable":true,"href":"https:\/\/jm-metropole.com.br\/site\/wp-json\/wp\/v2\/users\/1"}],"replies":[{"embeddable":true,"href":"https:\/\/jm-metropole.com.br\/site\/wp-json\/wp\/v2\/comments?post=21857"}],"version-history":[{"count":1,"href":"https:\/\/jm-metropole.com.br\/site\/wp-json\/wp\/v2\/posts\/21857\/revisions"}],"predecessor-version":[{"id":21859,"href":"https:\/\/jm-metropole.com.br\/site\/wp-json\/wp\/v2\/posts\/21857\/revisions\/21859"}],"wp:featuredmedia":[{"embeddable":true,"href":"https:\/\/jm-metropole.com.br\/site\/wp-json\/wp\/v2\/media\/21858"}],"wp:attachment":[{"href":"https:\/\/jm-metropole.com.br\/site\/wp-json\/wp\/v2\/media?parent=21857"}],"wp:term":[{"taxonomy":"category","embeddable":true,"href":"https:\/\/jm-metropole.com.br\/site\/wp-json\/wp\/v2\/categories?post=21857"},{"taxonomy":"post_tag","embeddable":true,"href":"https:\/\/jm-metropole.com.br\/site\/wp-json\/wp\/v2\/tags?post=21857"}],"curies":[{"name":"wp","href":"https:\/\/api.w.org\/{rel}","templated":true}]}}