{"id":21854,"date":"2024-11-20T08:03:03","date_gmt":"2024-11-20T11:03:03","guid":{"rendered":"https:\/\/jm-metropole.com.br\/site\/?p=21854"},"modified":"2024-11-20T08:03:03","modified_gmt":"2024-11-20T11:03:03","slug":"itaqua-inaugura-centro-de-ressocializacao-para-jovens","status":"publish","type":"post","link":"https:\/\/jm-metropole.com.br\/site\/itaqua-inaugura-centro-de-ressocializacao-para-jovens\/","title":{"rendered":"Itaqu\u00e1 inaugura centro de ressocializa\u00e7\u00e3o para jovens"},"content":{"rendered":"<p>Espa\u00e7o ser\u00e1 refer\u00eancia para 60 jovens cumprindo medida socioeducativa<\/p>\n<p>A Prefeitura de Itaquaquecetuba inaugurou, nesta ter\u00e7a-feira (19), o Centro de Conviv\u00eancia Social de Jovens. O espa\u00e7o vai atender pessoas encaminhadas pelo Poder Judici\u00e1rio cumprindo medida socioeducativa com o objetivo de promover o seu desenvolvimento.<\/p>\n<p>O equipamento foi planejado para fortalecer as compet\u00eancias pessoais e sociais dos atendidos, al\u00e9m de fomentar a integra\u00e7\u00e3o social e a valoriza\u00e7\u00e3o da diversidade, oferecendo acompanhamento psicossocial, oficinas de conviv\u00eancia, fortalecimento de v\u00ednculos, apoio educacional e profissional, bem como a preven\u00e7\u00e3o de situa\u00e7\u00f5es de risco.<\/p>\n<p>O p\u00fablico-alvo s\u00e3o 60 jovens de 12 a 21 anos atendidos pelo PAEFI (Servi\u00e7o de Atendimento Especializado a Fam\u00edlias e Indiv\u00edduos) e a estrutura conta com salas para atendimento t\u00e9cnico, coordena\u00e7\u00e3o, inform\u00e1tica, reuni\u00f5es socioeducativas, banheiros e recep\u00e7\u00e3o.<\/p>\n<p>A equipe multidisciplinar \u00e9 composta por coordenador, pedagogo, psic\u00f3logos, assistente social e recepcionista, garantindo suporte integral aos participantes. &#8220;Esse \u00e9 um equipamento espec\u00edfico para a ressocializa\u00e7\u00e3o. \u00c9 uma conquista de toda a equipe, principalmente da popula\u00e7\u00e3o de Itaqu\u00e1&#8221;, disse a secret\u00e1ria de Desenvolvimento Social, Elaine Loureiro.<\/p>\n<p>&#8220;Os jovens precisam de oportunidades. Ficamos felizes, enquanto gestores, de dar uma nova chance de ressocializa\u00e7\u00e3o. Estamos aqui para acolher quem quer seguir pelo caminho do bem. O social continua fazendo a diferen\u00e7a&#8221;, completou o prefeito Eduardo Boigues. O equipamento fica na rua Evangelho Quadrangular, 200 &#8211; Vila Virg\u00ednia.<\/p>\n<p>Fotos: Dayane Oliveira<\/p>\n","protected":false},"excerpt":{"rendered":"<p>Espa\u00e7o ser\u00e1 refer\u00eancia para 60 jovens cumprindo medida socioeducativa A Prefeitura de Itaquaquecetuba inaugurou, nesta ter\u00e7a-feira (19), o Centro de Conviv\u00eancia Social de Jovens. O espa\u00e7o vai atender pessoas encaminhadas pelo Poder Judici\u00e1rio cumprindo medida socioeducativa com o objetivo de promover o seu desenvolvimento. O equipamento foi planejado para fortalecer as compet\u00eancias pessoais e sociais [&hellip;]<\/p>\n","protected":false},"author":1,"featured_media":21855,"comment_status":"open","ping_status":"open","sticky":false,"template":"","format":"standard","meta":{"footnotes":""},"categories":[6],"tags":[],"class_list":{"0":"post-21854","1":"post","2":"type-post","3":"status-publish","4":"format-standard","5":"has-post-thumbnail","7":"category-itaqua"},"_links":{"self":[{"href":"https:\/\/jm-metropole.com.br\/site\/wp-json\/wp\/v2\/posts\/21854","targetHints":{"allow":["GET"]}}],"collection":[{"href":"https:\/\/jm-metropole.com.br\/site\/wp-json\/wp\/v2\/posts"}],"about":[{"href":"https:\/\/jm-metropole.com.br\/site\/wp-json\/wp\/v2\/types\/post"}],"author":[{"embeddable":true,"href":"https:\/\/jm-metropole.com.br\/site\/wp-json\/wp\/v2\/users\/1"}],"replies":[{"embeddable":true,"href":"https:\/\/jm-metropole.com.br\/site\/wp-json\/wp\/v2\/comments?post=21854"}],"version-history":[{"count":1,"href":"https:\/\/jm-metropole.com.br\/site\/wp-json\/wp\/v2\/posts\/21854\/revisions"}],"predecessor-version":[{"id":21856,"href":"https:\/\/jm-metropole.com.br\/site\/wp-json\/wp\/v2\/posts\/21854\/revisions\/21856"}],"wp:featuredmedia":[{"embeddable":true,"href":"https:\/\/jm-metropole.com.br\/site\/wp-json\/wp\/v2\/media\/21855"}],"wp:attachment":[{"href":"https:\/\/jm-metropole.com.br\/site\/wp-json\/wp\/v2\/media?parent=21854"}],"wp:term":[{"taxonomy":"category","embeddable":true,"href":"https:\/\/jm-metropole.com.br\/site\/wp-json\/wp\/v2\/categories?post=21854"},{"taxonomy":"post_tag","embeddable":true,"href":"https:\/\/jm-metropole.com.br\/site\/wp-json\/wp\/v2\/tags?post=21854"}],"curies":[{"name":"wp","href":"https:\/\/api.w.org\/{rel}","templated":true}]}}