{"id":21851,"date":"2024-11-19T17:56:54","date_gmt":"2024-11-19T20:56:54","guid":{"rendered":"https:\/\/jm-metropole.com.br\/site\/?p=21851"},"modified":"2024-11-19T17:56:54","modified_gmt":"2024-11-19T20:56:54","slug":"guarulhos-lanca-campanha-16-5-dias-de-ativismo-pelo-fim-da-violencia-contra-as-mulheres","status":"publish","type":"post","link":"https:\/\/jm-metropole.com.br\/site\/guarulhos-lanca-campanha-16-5-dias-de-ativismo-pelo-fim-da-violencia-contra-as-mulheres\/","title":{"rendered":"Guarulhos lan\u00e7a campanha \u201c16 + 5 Dias de Ativismo pelo Fim da Viol\u00eancia contra as Mulheres\u201d"},"content":{"rendered":"<p>Mais de cem pessoas participaram nesta ter\u00e7a-feira (19) do lan\u00e7amento oficial da campanha \u201c16 + 5 Dias de Ativismo pelo Fim da Viol\u00eancia contra as Mulheres\u201d, no audit\u00f3rio da Secretaria de Educa\u00e7\u00e3o, Macedo. Com o tema \u201cO Cen\u00e1rio Guarulhense e as Expectativas para o Futuro no Combate \u00e0 Viol\u00eancia Contra a Mulher\u201d, o evento contou com a participa\u00e7\u00e3o do prefeito em exerc\u00edcio, Professor Jesus, e da subsecret\u00e1ria de Pol\u00edticas para as Mulheres, Verinha Souza, entre outras autoridades.<br \/>\nAbrindo os trabalhos, o prefeito em exerc\u00edcio enfatizou que \u201co direito das mulheres tem que ser respeitado por toda a sociedade\u201d.<br \/>\nPara a gestora da pasta, a campanha \u00e9 um momento de promover o debate e denunciar as diversas formas de viol\u00eancia contra as mulheres. \u201cPrecisamos conscientizar toda a sociedade sobre a necessidade de equidade entre mulheres e homens, e sobre a import\u00e2ncia de as mulheres estarem nos espa\u00e7os de poder e decis\u00e3o\u201d, disse Verinha.<br \/>\nEm 2024, segundo o F\u00f3rum Brasileiro de Viol\u00eancia Dom\u00e9stica, a cada seis horas uma mulher \u00e9 v\u00edtima de feminic\u00eddio, sendo que 63% das v\u00edtimas s\u00e3o negras; tr\u00eas em cada dez mulheres foram v\u00edtimas de viol\u00eancia dom\u00e9stica. A cada 24 horas s\u00e3o registrados 103 casos de importuna\u00e7\u00e3o sexual e a cada tr\u00eas minutos uma menina ou mulher \u00e9 vitimada pela viol\u00eancia dom\u00e9stica.<br \/>\nOs 16 +5 dias de Ativismo \u00e9 uma a\u00e7\u00e3o que ocorre em todo o mundo, geralmente com in\u00edcio no dia 25 de novembro, Dia Internacional da N\u00e3o Viol\u00eancia Contra as Mulheres. No Brasil, o Dia Nacional da Consci\u00eancia Negra (20 de novembro) faz parte do calend\u00e1rio da campanha. Em Guarulhos, a iniciativa \u00e9 coordenada pela Subsecretaria de Pol\u00edticas para as Mulheres, integrante da Secretaria de Direitos Humanos.<br \/>\nA cerim\u00f4nia contou tamb\u00e9m com a presen\u00e7a da coordenadora da Assessoria de Equidade de G\u00eanero da Defensoria P\u00fablica do Estado de S\u00e3o Paulo, Luciana Maschietto Talli; da presidente do Conselho Municipal de Pol\u00edtica para Mulheres, Simone Lima; da presidente da Associa\u00e7\u00e3o Brasileira de Defesa da Mulher da Inf\u00e2ncia e da Juventude (Asbrad), Dalila Figueiredo; da chefe dos investigadores da Delegacia de Defesa da Mulher, Fabiana Duarte; da representante do Comando de Policiamento de \u00c1rea Metropolitana Sete (CPA-M7), capit\u00e3o Daniella Velasques; do comandante da Pol\u00edcia Militar, coronel Gentil Carvalho Junior; da vereadora Carlinda Tinoco, entre outros.<\/p>\n","protected":false},"excerpt":{"rendered":"<p>Mais de cem pessoas participaram nesta ter\u00e7a-feira (19) do lan\u00e7amento oficial da campanha \u201c16 + 5 Dias de Ativismo pelo Fim da Viol\u00eancia contra as Mulheres\u201d, no audit\u00f3rio da Secretaria de Educa\u00e7\u00e3o, Macedo. Com o tema \u201cO Cen\u00e1rio Guarulhense e as Expectativas para o Futuro no Combate \u00e0 Viol\u00eancia Contra a Mulher\u201d, o evento contou [&hellip;]<\/p>\n","protected":false},"author":1,"featured_media":21852,"comment_status":"open","ping_status":"open","sticky":false,"template":"","format":"standard","meta":{"footnotes":""},"categories":[3],"tags":[],"class_list":{"0":"post-21851","1":"post","2":"type-post","3":"status-publish","4":"format-standard","5":"has-post-thumbnail","7":"category-guarulhos"},"_links":{"self":[{"href":"https:\/\/jm-metropole.com.br\/site\/wp-json\/wp\/v2\/posts\/21851","targetHints":{"allow":["GET"]}}],"collection":[{"href":"https:\/\/jm-metropole.com.br\/site\/wp-json\/wp\/v2\/posts"}],"about":[{"href":"https:\/\/jm-metropole.com.br\/site\/wp-json\/wp\/v2\/types\/post"}],"author":[{"embeddable":true,"href":"https:\/\/jm-metropole.com.br\/site\/wp-json\/wp\/v2\/users\/1"}],"replies":[{"embeddable":true,"href":"https:\/\/jm-metropole.com.br\/site\/wp-json\/wp\/v2\/comments?post=21851"}],"version-history":[{"count":1,"href":"https:\/\/jm-metropole.com.br\/site\/wp-json\/wp\/v2\/posts\/21851\/revisions"}],"predecessor-version":[{"id":21853,"href":"https:\/\/jm-metropole.com.br\/site\/wp-json\/wp\/v2\/posts\/21851\/revisions\/21853"}],"wp:featuredmedia":[{"embeddable":true,"href":"https:\/\/jm-metropole.com.br\/site\/wp-json\/wp\/v2\/media\/21852"}],"wp:attachment":[{"href":"https:\/\/jm-metropole.com.br\/site\/wp-json\/wp\/v2\/media?parent=21851"}],"wp:term":[{"taxonomy":"category","embeddable":true,"href":"https:\/\/jm-metropole.com.br\/site\/wp-json\/wp\/v2\/categories?post=21851"},{"taxonomy":"post_tag","embeddable":true,"href":"https:\/\/jm-metropole.com.br\/site\/wp-json\/wp\/v2\/tags?post=21851"}],"curies":[{"name":"wp","href":"https:\/\/api.w.org\/{rel}","templated":true}]}}