{"id":21848,"date":"2024-11-19T16:05:02","date_gmt":"2024-11-19T19:05:02","guid":{"rendered":"https:\/\/jm-metropole.com.br\/site\/?p=21848"},"modified":"2024-11-19T16:05:02","modified_gmt":"2024-11-19T19:05:02","slug":"novembro-negro-prossegue-com-marcha-da-consciencia-negra-e-exposicao","status":"publish","type":"post","link":"https:\/\/jm-metropole.com.br\/site\/novembro-negro-prossegue-com-marcha-da-consciencia-negra-e-exposicao\/","title":{"rendered":"Novembro Negro prossegue com Marcha da Consci\u00eancia Negra e exposi\u00e7\u00e3o"},"content":{"rendered":"<p>A 19\u00aa Marcha da Consci\u00eancia Negra em Guarulhos acontecer\u00e1 nesta quarta-feira (20), com a concentra\u00e7\u00e3o a partir das 9h, no Marco da Consci\u00eancia Negra, localizado entre as ruas Lucila, Anita Guastini Eiras e Arminda de Lima (pr\u00f3ximo \u00e0 pra\u00e7a dos Estudantes), no Centro. A a\u00e7\u00e3o do Conselho Municipal de Promo\u00e7\u00e3o da Igualdade Racial (Compir) conta com apoio da Subsecretaria da Igualdade Racial (SIR), que realiza a programa\u00e7\u00e3o Novembro Negro GRU 2024 ao longo do m\u00eas.<br \/>\nA exposi\u00e7\u00e3o de pain\u00e9is \u201cMulheres e Homens que fizeram hist\u00f3ria\u201d poder\u00e1 ser visitada a partir desta quarta-feira (20) at\u00e9 sexta-feira (22), das 8h \u00e0s 17h, no Ambulat\u00f3rio da Crian\u00e7a (rua Osvaldo Cruz, 151, Centro). No s\u00e1bado (23), a mostra poder\u00e1 ser conferida na E.E. Maria Leoni (pra\u00e7a Carmem Miranda, s\/n, Jardim Pinhal), que tamb\u00e9m contar\u00e1 com a equipe da SIR ministrando o jogo Combatendo Express\u00f5es Racistas para os alunos e docentes.<br \/>\nA programa\u00e7\u00e3o conta ainda com eventos realizados por diversas secretarias municipais e se encerra na Semana de Direitos Humanos com a palestra \u201cNem toda pessoa com defici\u00eancia \u00e9 igual: uma conversa sobre os marcadores sociais da diferen\u00e7a\u201d, a cargo da professora Sandra Campos, no dia 4 de dezembro, \u00e0s 14h, no Sindicato dos Banc\u00e1rios (rua Paulo Lenk, 128, Jardim Zaira).<\/p>\n","protected":false},"excerpt":{"rendered":"<p>A 19\u00aa Marcha da Consci\u00eancia Negra em Guarulhos acontecer\u00e1 nesta quarta-feira (20), com a concentra\u00e7\u00e3o a partir das 9h, no Marco da Consci\u00eancia Negra, localizado entre as ruas Lucila, Anita Guastini Eiras e Arminda de Lima (pr\u00f3ximo \u00e0 pra\u00e7a dos Estudantes), no Centro. A a\u00e7\u00e3o do Conselho Municipal de Promo\u00e7\u00e3o da Igualdade Racial (Compir) conta [&hellip;]<\/p>\n","protected":false},"author":1,"featured_media":21849,"comment_status":"open","ping_status":"open","sticky":false,"template":"","format":"standard","meta":{"footnotes":""},"categories":[3],"tags":[],"class_list":{"0":"post-21848","1":"post","2":"type-post","3":"status-publish","4":"format-standard","5":"has-post-thumbnail","7":"category-guarulhos"},"_links":{"self":[{"href":"https:\/\/jm-metropole.com.br\/site\/wp-json\/wp\/v2\/posts\/21848","targetHints":{"allow":["GET"]}}],"collection":[{"href":"https:\/\/jm-metropole.com.br\/site\/wp-json\/wp\/v2\/posts"}],"about":[{"href":"https:\/\/jm-metropole.com.br\/site\/wp-json\/wp\/v2\/types\/post"}],"author":[{"embeddable":true,"href":"https:\/\/jm-metropole.com.br\/site\/wp-json\/wp\/v2\/users\/1"}],"replies":[{"embeddable":true,"href":"https:\/\/jm-metropole.com.br\/site\/wp-json\/wp\/v2\/comments?post=21848"}],"version-history":[{"count":1,"href":"https:\/\/jm-metropole.com.br\/site\/wp-json\/wp\/v2\/posts\/21848\/revisions"}],"predecessor-version":[{"id":21850,"href":"https:\/\/jm-metropole.com.br\/site\/wp-json\/wp\/v2\/posts\/21848\/revisions\/21850"}],"wp:featuredmedia":[{"embeddable":true,"href":"https:\/\/jm-metropole.com.br\/site\/wp-json\/wp\/v2\/media\/21849"}],"wp:attachment":[{"href":"https:\/\/jm-metropole.com.br\/site\/wp-json\/wp\/v2\/media?parent=21848"}],"wp:term":[{"taxonomy":"category","embeddable":true,"href":"https:\/\/jm-metropole.com.br\/site\/wp-json\/wp\/v2\/categories?post=21848"},{"taxonomy":"post_tag","embeddable":true,"href":"https:\/\/jm-metropole.com.br\/site\/wp-json\/wp\/v2\/tags?post=21848"}],"curies":[{"name":"wp","href":"https:\/\/api.w.org\/{rel}","templated":true}]}}