{"id":21836,"date":"2024-11-19T12:45:04","date_gmt":"2024-11-19T15:45:04","guid":{"rendered":"https:\/\/jm-metropole.com.br\/site\/?p=21836"},"modified":"2024-11-19T12:45:04","modified_gmt":"2024-11-19T15:45:04","slug":"caps-alvorecer-promove-dia-da-beleza-negra-com-acoes-artisticas","status":"publish","type":"post","link":"https:\/\/jm-metropole.com.br\/site\/caps-alvorecer-promove-dia-da-beleza-negra-com-acoes-artisticas\/","title":{"rendered":"CAPS Alvorecer promove Dia da Beleza Negra com a\u00e7\u00f5es art\u00edsticas"},"content":{"rendered":"<p>No pr\u00f3ximo dia 22 (sexta-feira), das 10h \u00e0s 17h, o CAPS III Alvorecer realiza mais uma edi\u00e7\u00e3o especial do projeto Atelier Cultural ComVida. O evento, que tem como tema o &#8220;Dia da Beleza Negra\u201d, busca ressignificar o espa\u00e7o de conviv\u00eancia no atendimento em sa\u00fade mental, em conson\u00e2ncia com os princ\u00edpios da Luta Antimanicomial e da Reforma Psiqui\u00e1trica.<br \/>\nA programa\u00e7\u00e3o contar\u00e1 com apresenta\u00e7\u00f5es de artistas da cidade, promovendo o combate ao racismo e a valoriza\u00e7\u00e3o da cultura negra. Entre as atra\u00e7\u00f5es est\u00e3o Dico di Brito (Adicotomia), Elder Carlos e a Banda do Projeto Tear, e o Batuque Artesanal. As artes gr\u00e1ficas ficam por conta de Sully Art, Amais Heloisa e Dominick e Tabs. Oficinas gratuitas tamb\u00e9m estar\u00e3o dispon\u00edveis, incluindo tran\u00e7as com Jaqueline Duni, spa dos p\u00e9s com Denilza Calixto e oficina de lambe-lambe com Adicotomia.<br \/>\nInspirado no trabalho de figuras como Nise da Silveira e Dona Ivone Lara, o Atelier Cultural ComVida, que acontece desde janeiro, surgiu como uma iniciativa aberta que utiliza a arte como ferramenta de promo\u00e7\u00e3o da sa\u00fade. Realizado todas as sextas-feiras no \u201cquintal\u201d do CAPS III Alvorecer, o projeto oferece aos usu\u00e1rios atividades como pintura em tela e batuque artesanal com instrumentos recicl\u00e1veis. Todo m\u00eas, na terceira sexta-feira, o projeto organiza uma edi\u00e7\u00e3o especial que promove o aquilombamento e conta com a presen\u00e7a de artistas e artes\u00e3s locais, fortalecendo o v\u00ednculo entre servi\u00e7o e comunidade e incentivando o protagonismo art\u00edstico dos participantes do CAPS.<br \/>\nServi\u00e7o<br \/>\nCAPS Alvorecer: avenida Santa Helena, 173, Vila Para\u00edso, ao lado do PA Alvorada.<\/p>\n","protected":false},"excerpt":{"rendered":"<p>No pr\u00f3ximo dia 22 (sexta-feira), das 10h \u00e0s 17h, o CAPS III Alvorecer realiza mais uma edi\u00e7\u00e3o especial do projeto Atelier Cultural ComVida. O evento, que tem como tema o &#8220;Dia da Beleza Negra\u201d, busca ressignificar o espa\u00e7o de conviv\u00eancia no atendimento em sa\u00fade mental, em conson\u00e2ncia com os princ\u00edpios da Luta Antimanicomial e da [&hellip;]<\/p>\n","protected":false},"author":1,"featured_media":21837,"comment_status":"open","ping_status":"open","sticky":false,"template":"","format":"standard","meta":{"footnotes":""},"categories":[3],"tags":[],"class_list":{"0":"post-21836","1":"post","2":"type-post","3":"status-publish","4":"format-standard","5":"has-post-thumbnail","7":"category-guarulhos"},"_links":{"self":[{"href":"https:\/\/jm-metropole.com.br\/site\/wp-json\/wp\/v2\/posts\/21836","targetHints":{"allow":["GET"]}}],"collection":[{"href":"https:\/\/jm-metropole.com.br\/site\/wp-json\/wp\/v2\/posts"}],"about":[{"href":"https:\/\/jm-metropole.com.br\/site\/wp-json\/wp\/v2\/types\/post"}],"author":[{"embeddable":true,"href":"https:\/\/jm-metropole.com.br\/site\/wp-json\/wp\/v2\/users\/1"}],"replies":[{"embeddable":true,"href":"https:\/\/jm-metropole.com.br\/site\/wp-json\/wp\/v2\/comments?post=21836"}],"version-history":[{"count":1,"href":"https:\/\/jm-metropole.com.br\/site\/wp-json\/wp\/v2\/posts\/21836\/revisions"}],"predecessor-version":[{"id":21838,"href":"https:\/\/jm-metropole.com.br\/site\/wp-json\/wp\/v2\/posts\/21836\/revisions\/21838"}],"wp:featuredmedia":[{"embeddable":true,"href":"https:\/\/jm-metropole.com.br\/site\/wp-json\/wp\/v2\/media\/21837"}],"wp:attachment":[{"href":"https:\/\/jm-metropole.com.br\/site\/wp-json\/wp\/v2\/media?parent=21836"}],"wp:term":[{"taxonomy":"category","embeddable":true,"href":"https:\/\/jm-metropole.com.br\/site\/wp-json\/wp\/v2\/categories?post=21836"},{"taxonomy":"post_tag","embeddable":true,"href":"https:\/\/jm-metropole.com.br\/site\/wp-json\/wp\/v2\/tags?post=21836"}],"curies":[{"name":"wp","href":"https:\/\/api.w.org\/{rel}","templated":true}]}}