{"id":21834,"date":"2024-11-19T12:11:14","date_gmt":"2024-11-19T15:11:14","guid":{"rendered":"https:\/\/jm-metropole.com.br\/site\/?p=21834"},"modified":"2024-11-19T12:11:14","modified_gmt":"2024-11-19T15:11:14","slug":"confira-o-que-abre-e-o-que-fecha-no-dia-nacional-de-zumbi-e-da-consciencia-negra-20","status":"publish","type":"post","link":"https:\/\/jm-metropole.com.br\/site\/confira-o-que-abre-e-o-que-fecha-no-dia-nacional-de-zumbi-e-da-consciencia-negra-20\/","title":{"rendered":"CONFIRA O QUE ABRE E O QUE FECHA NO DIA NACIONAL DE ZUMBI E DA CONSCI\u00caNCIA NEGRA (20)"},"content":{"rendered":"<p>A Prefeitura de Aruj\u00e1 e outros departamentos da Administra\u00e7\u00e3o Municipal n\u00e3o ter\u00e3o expediente nesta quarta-feira (20), durante o feriado do Dia Nacional de Zumbi e da Consci\u00eancia Negra. O trabalho nas reparti\u00e7\u00f5es p\u00fablicas voltar\u00e1 ao normal na quinta-feira (21), logo pela manh\u00e3.<\/p>\n<p>Na Sa\u00fade, as Unidades B\u00e1sicas de Sa\u00fade (UBSs) n\u00e3o funcionar\u00e3o na quarta-feira (20), mas o Pronto Atendimento Municipal (PAM) Barreto, o Pronto Atendimento (PA) Central e o Pr\u00f3-Crian\u00e7a na esquina da rua Pedro de Toledo com a rua Carlos de Campos, na \u00e1rea central, atendem 24 horas.<\/p>\n<p>A rede municipal de ensino tamb\u00e9m n\u00e3o ter\u00e1 expediente no feriado, retornando na quinta-feira.<\/p>\n<p>Os bancos, lot\u00e9ricas, Poupatempo, INSS de Aruj\u00e1 e os Correios n\u00e3o funcionar\u00e3o na quarta-feira. Assim como o Procon que segue o mesmo cronograma da Prefeitura.<\/p>\n<p>A ag\u00eancia da Sabesp ter\u00e1 atendimento de emerg\u00eancia pelo 0800 011 9911 na quarta, tendo o funcionamento do posto de atendimento retomado na quinta-feira (21). J\u00e1 a Elektro segue o mesmo cronograma da Sabesp e, para os servi\u00e7os de emerg\u00eancia, como manuten\u00e7\u00f5es, o telefone \u00e9 o 0800 701 01 03.<\/p>\n","protected":false},"excerpt":{"rendered":"<p>A Prefeitura de Aruj\u00e1 e outros departamentos da Administra\u00e7\u00e3o Municipal n\u00e3o ter\u00e3o expediente nesta quarta-feira (20), durante o feriado do Dia Nacional de Zumbi e da Consci\u00eancia Negra. O trabalho nas reparti\u00e7\u00f5es p\u00fablicas voltar\u00e1 ao normal na quinta-feira (21), logo pela manh\u00e3. Na Sa\u00fade, as Unidades B\u00e1sicas de Sa\u00fade (UBSs) n\u00e3o funcionar\u00e3o na quarta-feira (20), [&hellip;]<\/p>\n","protected":false},"author":1,"featured_media":21766,"comment_status":"open","ping_status":"open","sticky":false,"template":"","format":"standard","meta":{"footnotes":""},"categories":[4],"tags":[],"class_list":{"0":"post-21834","1":"post","2":"type-post","3":"status-publish","4":"format-standard","5":"has-post-thumbnail","7":"category-aruja"},"_links":{"self":[{"href":"https:\/\/jm-metropole.com.br\/site\/wp-json\/wp\/v2\/posts\/21834","targetHints":{"allow":["GET"]}}],"collection":[{"href":"https:\/\/jm-metropole.com.br\/site\/wp-json\/wp\/v2\/posts"}],"about":[{"href":"https:\/\/jm-metropole.com.br\/site\/wp-json\/wp\/v2\/types\/post"}],"author":[{"embeddable":true,"href":"https:\/\/jm-metropole.com.br\/site\/wp-json\/wp\/v2\/users\/1"}],"replies":[{"embeddable":true,"href":"https:\/\/jm-metropole.com.br\/site\/wp-json\/wp\/v2\/comments?post=21834"}],"version-history":[{"count":1,"href":"https:\/\/jm-metropole.com.br\/site\/wp-json\/wp\/v2\/posts\/21834\/revisions"}],"predecessor-version":[{"id":21835,"href":"https:\/\/jm-metropole.com.br\/site\/wp-json\/wp\/v2\/posts\/21834\/revisions\/21835"}],"wp:featuredmedia":[{"embeddable":true,"href":"https:\/\/jm-metropole.com.br\/site\/wp-json\/wp\/v2\/media\/21766"}],"wp:attachment":[{"href":"https:\/\/jm-metropole.com.br\/site\/wp-json\/wp\/v2\/media?parent=21834"}],"wp:term":[{"taxonomy":"category","embeddable":true,"href":"https:\/\/jm-metropole.com.br\/site\/wp-json\/wp\/v2\/categories?post=21834"},{"taxonomy":"post_tag","embeddable":true,"href":"https:\/\/jm-metropole.com.br\/site\/wp-json\/wp\/v2\/tags?post=21834"}],"curies":[{"name":"wp","href":"https:\/\/api.w.org\/{rel}","templated":true}]}}