{"id":21831,"date":"2024-11-19T12:10:05","date_gmt":"2024-11-19T15:10:05","guid":{"rendered":"https:\/\/jm-metropole.com.br\/site\/?p=21831"},"modified":"2024-11-19T12:10:05","modified_gmt":"2024-11-19T15:10:05","slug":"prefeitura-de-aruja-prepara-programacao-para-o-dia-da-consciencia-negra-20","status":"publish","type":"post","link":"https:\/\/jm-metropole.com.br\/site\/prefeitura-de-aruja-prepara-programacao-para-o-dia-da-consciencia-negra-20\/","title":{"rendered":"PREFEITURA DE ARUJ\u00c1 PREPARA PROGRAMA\u00c7\u00c3O PARA O DIA DA CONSCI\u00caNCIA NEGRA (20)"},"content":{"rendered":"<p>Celebre conosco o Dia da Consci\u00eancia Negra em Aruj\u00e1! Nesta quarta-feira (20), a partir das 18h, acontecer\u00e3o interven\u00e7\u00f5es urbanas e video mapping em diferentes locais da cidade.<\/p>\n<p>Programa\u00e7\u00e3o do Dia da Consci\u00eancia Negra<\/p>\n<p>&#8211; 18h: Proje\u00e7\u00e3o em \u00e1rvores na esquina da Rua Br\u00e1s Maiolino com a Prudente Alves, no Jardim Renata.<br \/>\n&#8211; 19h30: Video Mapping na parede do estacionamento em frente \u00e0 Rua Prudente de Morais, 216, na Pra\u00e7a do Coreto.<br \/>\n&#8211; 21h: Proje\u00e7\u00e3o na fachada do F\u00e1cil Aruj\u00e1, na Rua Jos\u00e9 Bas\u00edlio Alvarenga, 143.<\/p>\n<p>Essas a\u00e7\u00f5es visam promover a conscientiza\u00e7\u00e3o sobre a import\u00e2ncia da igualdade racial e combater o racismo estrutural.<\/p>\n<p>Participe e ajude a construir uma sociedade mais justa e igualit\u00e1ria!<\/p>\n","protected":false},"excerpt":{"rendered":"<p>Celebre conosco o Dia da Consci\u00eancia Negra em Aruj\u00e1! Nesta quarta-feira (20), a partir das 18h, acontecer\u00e3o interven\u00e7\u00f5es urbanas e video mapping em diferentes locais da cidade. Programa\u00e7\u00e3o do Dia da Consci\u00eancia Negra &#8211; 18h: Proje\u00e7\u00e3o em \u00e1rvores na esquina da Rua Br\u00e1s Maiolino com a Prudente Alves, no Jardim Renata. &#8211; 19h30: Video Mapping [&hellip;]<\/p>\n","protected":false},"author":1,"featured_media":21832,"comment_status":"open","ping_status":"open","sticky":false,"template":"","format":"standard","meta":{"footnotes":""},"categories":[4],"tags":[],"class_list":{"0":"post-21831","1":"post","2":"type-post","3":"status-publish","4":"format-standard","5":"has-post-thumbnail","7":"category-aruja"},"_links":{"self":[{"href":"https:\/\/jm-metropole.com.br\/site\/wp-json\/wp\/v2\/posts\/21831","targetHints":{"allow":["GET"]}}],"collection":[{"href":"https:\/\/jm-metropole.com.br\/site\/wp-json\/wp\/v2\/posts"}],"about":[{"href":"https:\/\/jm-metropole.com.br\/site\/wp-json\/wp\/v2\/types\/post"}],"author":[{"embeddable":true,"href":"https:\/\/jm-metropole.com.br\/site\/wp-json\/wp\/v2\/users\/1"}],"replies":[{"embeddable":true,"href":"https:\/\/jm-metropole.com.br\/site\/wp-json\/wp\/v2\/comments?post=21831"}],"version-history":[{"count":1,"href":"https:\/\/jm-metropole.com.br\/site\/wp-json\/wp\/v2\/posts\/21831\/revisions"}],"predecessor-version":[{"id":21833,"href":"https:\/\/jm-metropole.com.br\/site\/wp-json\/wp\/v2\/posts\/21831\/revisions\/21833"}],"wp:featuredmedia":[{"embeddable":true,"href":"https:\/\/jm-metropole.com.br\/site\/wp-json\/wp\/v2\/media\/21832"}],"wp:attachment":[{"href":"https:\/\/jm-metropole.com.br\/site\/wp-json\/wp\/v2\/media?parent=21831"}],"wp:term":[{"taxonomy":"category","embeddable":true,"href":"https:\/\/jm-metropole.com.br\/site\/wp-json\/wp\/v2\/categories?post=21831"},{"taxonomy":"post_tag","embeddable":true,"href":"https:\/\/jm-metropole.com.br\/site\/wp-json\/wp\/v2\/tags?post=21831"}],"curies":[{"name":"wp","href":"https:\/\/api.w.org\/{rel}","templated":true}]}}