{"id":21094,"date":"2024-10-16T09:49:41","date_gmt":"2024-10-16T12:49:41","guid":{"rendered":"https:\/\/jm-metropole.com.br\/site\/?p=21094"},"modified":"2024-10-16T09:49:41","modified_gmt":"2024-10-16T12:49:41","slug":"celebracao-do-dia-das-criancas-tera-programacao-especial-no-dia-20-de-outubro","status":"publish","type":"post","link":"https:\/\/jm-metropole.com.br\/site\/celebracao-do-dia-das-criancas-tera-programacao-especial-no-dia-20-de-outubro\/","title":{"rendered":"CELEBRA\u00c7\u00c3O DO DIA DAS CRIAN\u00c7AS TER\u00c1 PROGRAMA\u00c7\u00c3O ESPECIAL NO DIA 20 DE OUTUBRO"},"content":{"rendered":"<p>A Prefeitura de Aruj\u00e1, em parceria com o Fundo Social de Solidariedade e as Secretarias Municipais, preparou uma programa\u00e7\u00e3o especial para celebrar o Dia das Crian\u00e7as no dia 20 de outubro, das 9h \u00e0s 16h, no Est\u00e1dio Armando Maiolino, localizado na Rua Maranh\u00e3o, Jardim Planalto. No evento, os pequenos poder\u00e3o se divertir com pintura facial, escultura em bal\u00e3o, personagens e brinquedos, al\u00e9m de desfrutar das barracas de comes e bebes, que oferecer\u00e3o pipoca, hot dog, algod\u00e3o doce, sorvete e refrigerante.<\/p>\n<p>A festividade ter\u00e1 in\u00edcio \u00e0s 10h com uma performance art\u00edstica de Aladim, seguida por um show de m\u00e1gica de Junior Oliveira \u00e0s 11h. Na parte da tarde, \u00e0s 13h, as crian\u00e7as poder\u00e3o se divertir com a apresenta\u00e7\u00e3o do Divertidamente, e, para encerrar a programa\u00e7\u00e3o, o Show Musical do Bob Zoom come\u00e7ar\u00e1 \u00e0s 15h.<\/p>\n<p>Ser\u00e1 um dia repleto de alegria e divers\u00e3o para toda a fam\u00edlia! Todos est\u00e3o convidados a participar dessa celebra\u00e7\u00e3o que ser\u00e1 realizada com cuidado e carinho.<\/p>\n","protected":false},"excerpt":{"rendered":"<p>A Prefeitura de Aruj\u00e1, em parceria com o Fundo Social de Solidariedade e as Secretarias Municipais, preparou uma programa\u00e7\u00e3o especial para celebrar o Dia das Crian\u00e7as no dia 20 de outubro, das 9h \u00e0s 16h, no Est\u00e1dio Armando Maiolino, localizado na Rua Maranh\u00e3o, Jardim Planalto. No evento, os pequenos poder\u00e3o se divertir com pintura facial, [&hellip;]<\/p>\n","protected":false},"author":1,"featured_media":21095,"comment_status":"open","ping_status":"open","sticky":false,"template":"","format":"standard","meta":{"footnotes":""},"categories":[4],"tags":[],"class_list":{"0":"post-21094","1":"post","2":"type-post","3":"status-publish","4":"format-standard","5":"has-post-thumbnail","7":"category-aruja"},"_links":{"self":[{"href":"https:\/\/jm-metropole.com.br\/site\/wp-json\/wp\/v2\/posts\/21094","targetHints":{"allow":["GET"]}}],"collection":[{"href":"https:\/\/jm-metropole.com.br\/site\/wp-json\/wp\/v2\/posts"}],"about":[{"href":"https:\/\/jm-metropole.com.br\/site\/wp-json\/wp\/v2\/types\/post"}],"author":[{"embeddable":true,"href":"https:\/\/jm-metropole.com.br\/site\/wp-json\/wp\/v2\/users\/1"}],"replies":[{"embeddable":true,"href":"https:\/\/jm-metropole.com.br\/site\/wp-json\/wp\/v2\/comments?post=21094"}],"version-history":[{"count":1,"href":"https:\/\/jm-metropole.com.br\/site\/wp-json\/wp\/v2\/posts\/21094\/revisions"}],"predecessor-version":[{"id":21096,"href":"https:\/\/jm-metropole.com.br\/site\/wp-json\/wp\/v2\/posts\/21094\/revisions\/21096"}],"wp:featuredmedia":[{"embeddable":true,"href":"https:\/\/jm-metropole.com.br\/site\/wp-json\/wp\/v2\/media\/21095"}],"wp:attachment":[{"href":"https:\/\/jm-metropole.com.br\/site\/wp-json\/wp\/v2\/media?parent=21094"}],"wp:term":[{"taxonomy":"category","embeddable":true,"href":"https:\/\/jm-metropole.com.br\/site\/wp-json\/wp\/v2\/categories?post=21094"},{"taxonomy":"post_tag","embeddable":true,"href":"https:\/\/jm-metropole.com.br\/site\/wp-json\/wp\/v2\/tags?post=21094"}],"curies":[{"name":"wp","href":"https:\/\/api.w.org\/{rel}","templated":true}]}}