{"id":20996,"date":"2024-10-11T11:30:57","date_gmt":"2024-10-11T14:30:57","guid":{"rendered":"https:\/\/jm-metropole.com.br\/site\/?p=20996"},"modified":"2024-10-11T11:30:57","modified_gmt":"2024-10-11T14:30:57","slug":"ibge-diz-que-setor-de-servicos-cai-04-em-agosto","status":"publish","type":"post","link":"https:\/\/jm-metropole.com.br\/site\/ibge-diz-que-setor-de-servicos-cai-04-em-agosto\/","title":{"rendered":"IBGE diz que setor de servi\u00e7os cai 0,4% em agosto"},"content":{"rendered":"<div class=\"header-noticia full-width\">\n<div class=\"linha-fina-noticia\">Na compara\u00e7\u00e3o com o mesmo m\u00eas de 2023, houve expans\u00e3o de 1,7%<\/div>\n<\/div>\n<div class=\"subheader\">\n<div class=\"container-autoria\">\n<p>O volume do setor de servi\u00e7os no pa\u00eds recuou 0,4% em agosto deste ano na compara\u00e7\u00e3o com julho. A queda veio depois de dois resultados positivos do setor, que havia crescido 1,4% em junho e 0,2% em julho. Os dados s\u00e3o da Pesquisa Mensal de Servi\u00e7os (PMS), divulgada nesta sexta-feira (11), no Rio de Janeiro, pelo Instituto Brasileiro de Geografia e Estat\u00edstica (IBGE).<img decoding=\"async\" src=\"https:\/\/agenciabrasil.ebc.com.br\/ebc.png?id=1615062&amp;o=node\" \/><img decoding=\"async\" src=\"https:\/\/agenciabrasil.ebc.com.br\/ebc.gif?id=1615062&amp;o=node\" \/><\/p>\n<p>Na compara\u00e7\u00e3o com agosto do ano passado, houve crescimento de 1,7%. Tamb\u00e9m houve altas no acumulado do ano (2,7%) e no acumulado de 12 meses (1,9%).<\/p>\n<p>A queda de julho para agosto foi influenciada por resultados negativos em duas das cinco atividades pesquisadas: o setor de informa\u00e7\u00e3o e comunica\u00e7\u00e3o (-1%), que havia subido 3,7% no m\u00eas anterior; e o de transportes (-0,4%), que apresentou a segunda queda consecutiva, acumulando perda de 2% em dois meses.<\/p>\n<h2>Crescimento<\/h2>\n<p>Duas das cinco atividades analisadas apresentaram expans\u00e3o: outros servi\u00e7os (1,4%) e servi\u00e7os prestados \u00e0s fam\u00edlias (0,8%). Os servi\u00e7os profissionais, administrativos e complementares permaneceram est\u00e1veis.<\/p>\n<p>O agregado de atividades tur\u00edsticas, que \u00e9 analisado de forma separada pela pesquisa do IBGE, manteve-se est\u00e1vel no m\u00eas, ap\u00f3s cair 0,8% em julho.<\/p>\n<p>A receita nominal dos servi\u00e7os variou 0,1% em rela\u00e7\u00e3o a julho e cresceu 7,5% na compara\u00e7\u00e3o com agosto do ano passado, 7,5% no acumulado do ano e 6,7% no acumulado de 12 meses.<\/p>\n<p>*Com informa\u00e7\u00f5es de Ag\u00eancia Brasil<\/p>\n<\/div>\n<\/div>\n","protected":false},"excerpt":{"rendered":"<p>Na compara\u00e7\u00e3o com o mesmo m\u00eas de 2023, houve expans\u00e3o de 1,7% O volume do setor de servi\u00e7os no pa\u00eds recuou 0,4% em agosto deste ano na compara\u00e7\u00e3o com julho. A queda veio depois de dois resultados positivos do setor, que havia crescido 1,4% em junho e 0,2% em julho. Os dados s\u00e3o da Pesquisa [&hellip;]<\/p>\n","protected":false},"author":1,"featured_media":20997,"comment_status":"open","ping_status":"open","sticky":false,"template":"","format":"standard","meta":{"footnotes":""},"categories":[1],"tags":[],"class_list":{"0":"post-20996","1":"post","2":"type-post","3":"status-publish","4":"format-standard","5":"has-post-thumbnail","7":"category-tudo"},"_links":{"self":[{"href":"https:\/\/jm-metropole.com.br\/site\/wp-json\/wp\/v2\/posts\/20996","targetHints":{"allow":["GET"]}}],"collection":[{"href":"https:\/\/jm-metropole.com.br\/site\/wp-json\/wp\/v2\/posts"}],"about":[{"href":"https:\/\/jm-metropole.com.br\/site\/wp-json\/wp\/v2\/types\/post"}],"author":[{"embeddable":true,"href":"https:\/\/jm-metropole.com.br\/site\/wp-json\/wp\/v2\/users\/1"}],"replies":[{"embeddable":true,"href":"https:\/\/jm-metropole.com.br\/site\/wp-json\/wp\/v2\/comments?post=20996"}],"version-history":[{"count":1,"href":"https:\/\/jm-metropole.com.br\/site\/wp-json\/wp\/v2\/posts\/20996\/revisions"}],"predecessor-version":[{"id":20998,"href":"https:\/\/jm-metropole.com.br\/site\/wp-json\/wp\/v2\/posts\/20996\/revisions\/20998"}],"wp:featuredmedia":[{"embeddable":true,"href":"https:\/\/jm-metropole.com.br\/site\/wp-json\/wp\/v2\/media\/20997"}],"wp:attachment":[{"href":"https:\/\/jm-metropole.com.br\/site\/wp-json\/wp\/v2\/media?parent=20996"}],"wp:term":[{"taxonomy":"category","embeddable":true,"href":"https:\/\/jm-metropole.com.br\/site\/wp-json\/wp\/v2\/categories?post=20996"},{"taxonomy":"post_tag","embeddable":true,"href":"https:\/\/jm-metropole.com.br\/site\/wp-json\/wp\/v2\/tags?post=20996"}],"curies":[{"name":"wp","href":"https:\/\/api.w.org\/{rel}","templated":true}]}}