{"id":20993,"date":"2024-10-11T11:28:22","date_gmt":"2024-10-11T14:28:22","guid":{"rendered":"https:\/\/jm-metropole.com.br\/site\/?p=20993"},"modified":"2024-10-11T11:28:22","modified_gmt":"2024-10-11T14:28:22","slug":"propaganda-eleitoral-no-radio-e-na-tv-retorna-nesta-sexta-feira","status":"publish","type":"post","link":"https:\/\/jm-metropole.com.br\/site\/propaganda-eleitoral-no-radio-e-na-tv-retorna-nesta-sexta-feira\/","title":{"rendered":"Propaganda eleitoral no r\u00e1dio e na TV retorna nesta sexta-feira"},"content":{"rendered":"<div class=\"header-noticia full-width\">\n<div class=\"linha-fina-noticia\">Programa\u00e7\u00e3o vai at\u00e9 25 de outubro em 52 cidades<\/div>\n<\/div>\n<div class=\"subheader\">\n<div class=\"container-autoria\">\n<p>As emissoras de r\u00e1dio e televis\u00e3o de 52 cidades onde haver\u00e1 segundo turno, no dia 27 de outubro, recome\u00e7aram nesta sexta-feira (11) a divulga\u00e7\u00e3o da propaganda eleitoral.<img decoding=\"async\" src=\"https:\/\/agenciabrasil.ebc.com.br\/ebc.png?id=1615072&amp;o=node\" \/><img decoding=\"async\" src=\"https:\/\/agenciabrasil.ebc.com.br\/ebc.gif?id=1615072&amp;o=node\" \/><\/p>\n<p>At\u00e9 25 de outubro, ser\u00e3o 20 minutos di\u00e1rios de exibi\u00e7\u00e3o em rede para os candidatos a prefeito, divididos em dois blocos de 10 minutos no r\u00e1dio e na TV.<\/p>\n<p>No r\u00e1dio, ser\u00e1 das\u00a07h \u00e0s 7h10; e das 12h \u00e0s 12h10. J\u00e1 na TV, a divulga\u00e7\u00e3o ser\u00e1 no in\u00edcio da tarde, das 13h \u00e0s 13h10, e \u00e0 noite, das 20h30 \u00e0s 20h40.<\/p>\n<p>Al\u00e9m disso, ser\u00e3o destinados 25 minutos em inser\u00e7\u00f5es di\u00e1rias de 30 e 60 segundos, de segunda a domingo, entre 5h e meia-noite.<\/p>\n<p>O\u00a0tempo de propaganda em rede e por inser\u00e7\u00f5es est\u00e1 dividido de forma igual entre partidos, federa\u00e7\u00f5es ou coliga\u00e7\u00f5es dos candidatos. Come\u00e7a pela candidatura com maior vota\u00e7\u00e3o no primeiro turno, com a altern\u00e2ncia da ordem a cada programa em bloco ou veicula\u00e7\u00e3o de inser\u00e7\u00e3o.<\/p>\n<p>Mas diversas atividades de propaganda j\u00e1 puderam ser retomadas 24 horas ap\u00f3s o encerramento do primeiro turno, como a campanha nas ruas com alto-falantes, com\u00edcio e propaganda eleitoral na internet, al\u00e9m de divulga\u00e7\u00e3o paga na imprensa escrita<\/p>\n<p>*Com informa\u00e7\u00f5es de Ag\u00eancia Brasil<\/p>\n<\/div>\n<\/div>\n","protected":false},"excerpt":{"rendered":"<p>Programa\u00e7\u00e3o vai at\u00e9 25 de outubro em 52 cidades As emissoras de r\u00e1dio e televis\u00e3o de 52 cidades onde haver\u00e1 segundo turno, no dia 27 de outubro, recome\u00e7aram nesta sexta-feira (11) a divulga\u00e7\u00e3o da propaganda eleitoral. At\u00e9 25 de outubro, ser\u00e3o 20 minutos di\u00e1rios de exibi\u00e7\u00e3o em rede para os candidatos a prefeito, divididos em [&hellip;]<\/p>\n","protected":false},"author":1,"featured_media":20994,"comment_status":"open","ping_status":"open","sticky":false,"template":"","format":"standard","meta":{"footnotes":""},"categories":[1],"tags":[],"class_list":{"0":"post-20993","1":"post","2":"type-post","3":"status-publish","4":"format-standard","5":"has-post-thumbnail","7":"category-tudo"},"_links":{"self":[{"href":"https:\/\/jm-metropole.com.br\/site\/wp-json\/wp\/v2\/posts\/20993","targetHints":{"allow":["GET"]}}],"collection":[{"href":"https:\/\/jm-metropole.com.br\/site\/wp-json\/wp\/v2\/posts"}],"about":[{"href":"https:\/\/jm-metropole.com.br\/site\/wp-json\/wp\/v2\/types\/post"}],"author":[{"embeddable":true,"href":"https:\/\/jm-metropole.com.br\/site\/wp-json\/wp\/v2\/users\/1"}],"replies":[{"embeddable":true,"href":"https:\/\/jm-metropole.com.br\/site\/wp-json\/wp\/v2\/comments?post=20993"}],"version-history":[{"count":1,"href":"https:\/\/jm-metropole.com.br\/site\/wp-json\/wp\/v2\/posts\/20993\/revisions"}],"predecessor-version":[{"id":20995,"href":"https:\/\/jm-metropole.com.br\/site\/wp-json\/wp\/v2\/posts\/20993\/revisions\/20995"}],"wp:featuredmedia":[{"embeddable":true,"href":"https:\/\/jm-metropole.com.br\/site\/wp-json\/wp\/v2\/media\/20994"}],"wp:attachment":[{"href":"https:\/\/jm-metropole.com.br\/site\/wp-json\/wp\/v2\/media?parent=20993"}],"wp:term":[{"taxonomy":"category","embeddable":true,"href":"https:\/\/jm-metropole.com.br\/site\/wp-json\/wp\/v2\/categories?post=20993"},{"taxonomy":"post_tag","embeddable":true,"href":"https:\/\/jm-metropole.com.br\/site\/wp-json\/wp\/v2\/tags?post=20993"}],"curies":[{"name":"wp","href":"https:\/\/api.w.org\/{rel}","templated":true}]}}