{"id":20990,"date":"2024-10-11T07:56:23","date_gmt":"2024-10-11T10:56:23","guid":{"rendered":"https:\/\/jm-metropole.com.br\/site\/?p=20990"},"modified":"2024-10-11T07:56:23","modified_gmt":"2024-10-11T10:56:23","slug":"procon-de-itaqua-realiza-fiscalizacao-em-comercios-para-o-dia-das-criancas","status":"publish","type":"post","link":"https:\/\/jm-metropole.com.br\/site\/procon-de-itaqua-realiza-fiscalizacao-em-comercios-para-o-dia-das-criancas\/","title":{"rendered":"Procon de Itaqu\u00e1 realiza fiscaliza\u00e7\u00e3o em com\u00e9rcios para o Dia das Crian\u00e7as"},"content":{"rendered":"<p>Objetivo \u00e9 garantir que lojistas estejam em conformidade com o C\u00f3digo de Defesa do Consumidor<\/p>\n<p>Em prepara\u00e7\u00e3o para o Dia das Crian\u00e7as, celebrado neste s\u00e1bado (12), o Procon de Itaquaquecetuba est\u00e1 realizando uma s\u00e9rie de fiscaliza\u00e7\u00f5es nos com\u00e9rcios da cidade ao longo desta semana. A iniciativa visa garantir que lojistas estejam em conformidade com o C\u00f3digo de Defesa do Consumidor, al\u00e9m de orientar os consumidores quanto aos cuidados necess\u00e1rios nas compras para a data.<\/p>\n<p>Nesta quinta-feira (10), a equipe visitou estabelecimentos na \u00e1rea central da cidade, focando em lojas voltadas ao p\u00fablico infantil e que vendem brinquedos ou produtos variados para a celebra\u00e7\u00e3o da data. A a\u00e7\u00e3o abordou a fixa\u00e7\u00e3o correta de pre\u00e7os, formas de pagamento e regras de trocas, buscando assegurar os direitos dos consumidores e esclarecer d\u00favidas.<\/p>\n<p>A diretora do Procon de Itaquaquecetuba, Julia Guidini, destacou a import\u00e2ncia da fiscaliza\u00e7\u00e3o para garantir que os consumidores estejam protegidos e bem informados. &#8220;Nosso objetivo \u00e9 verificar o cumprimento das normas e garantir que o consumidor tenha seus direitos respeitados, especialmente em uma data t\u00e3o movimentada como o Dia das Crian\u00e7as&#8221;, afirmou.<\/p>\n<p>Entre as orienta\u00e7\u00f5es, a diretora destacou a import\u00e2ncia de verificar a classifica\u00e7\u00e3o et\u00e1ria dos brinquedos e a presen\u00e7a do selo de aprova\u00e7\u00e3o do Instituto Nacional de Metrologia (Inmetro), que garante a seguran\u00e7a dos produtos. A fiscaliza\u00e7\u00e3o ressaltou ainda que as lojas s\u00e3o obrigadas a trocar por defeito, mas se for por outros motivos, como tamanho de roupas, depende da pol\u00edtica de cada estabelecimento.<\/p>\n<p>O prefeito Eduardo Boigues tamb\u00e9m comentou a a\u00e7\u00e3o. &#8220;O trabalho do Procon \u00e9 essencial para proteger nossos consumidores e garantir que eles fa\u00e7am compras seguras e conscientes. A proximidade com os lojistas e a popula\u00e7\u00e3o refor\u00e7a a Itaqu\u00e1 que queremos, com leis sendo respeitadas e, principalmente, com transpar\u00eancia&#8221;, completou<\/p>\n","protected":false},"excerpt":{"rendered":"<p>Objetivo \u00e9 garantir que lojistas estejam em conformidade com o C\u00f3digo de Defesa do Consumidor Em prepara\u00e7\u00e3o para o Dia das Crian\u00e7as, celebrado neste s\u00e1bado (12), o Procon de Itaquaquecetuba est\u00e1 realizando uma s\u00e9rie de fiscaliza\u00e7\u00f5es nos com\u00e9rcios da cidade ao longo desta semana. A iniciativa visa garantir que lojistas estejam em conformidade com o [&hellip;]<\/p>\n","protected":false},"author":1,"featured_media":20991,"comment_status":"open","ping_status":"open","sticky":false,"template":"","format":"standard","meta":{"footnotes":""},"categories":[6],"tags":[],"class_list":{"0":"post-20990","1":"post","2":"type-post","3":"status-publish","4":"format-standard","5":"has-post-thumbnail","7":"category-itaqua"},"_links":{"self":[{"href":"https:\/\/jm-metropole.com.br\/site\/wp-json\/wp\/v2\/posts\/20990","targetHints":{"allow":["GET"]}}],"collection":[{"href":"https:\/\/jm-metropole.com.br\/site\/wp-json\/wp\/v2\/posts"}],"about":[{"href":"https:\/\/jm-metropole.com.br\/site\/wp-json\/wp\/v2\/types\/post"}],"author":[{"embeddable":true,"href":"https:\/\/jm-metropole.com.br\/site\/wp-json\/wp\/v2\/users\/1"}],"replies":[{"embeddable":true,"href":"https:\/\/jm-metropole.com.br\/site\/wp-json\/wp\/v2\/comments?post=20990"}],"version-history":[{"count":1,"href":"https:\/\/jm-metropole.com.br\/site\/wp-json\/wp\/v2\/posts\/20990\/revisions"}],"predecessor-version":[{"id":20992,"href":"https:\/\/jm-metropole.com.br\/site\/wp-json\/wp\/v2\/posts\/20990\/revisions\/20992"}],"wp:featuredmedia":[{"embeddable":true,"href":"https:\/\/jm-metropole.com.br\/site\/wp-json\/wp\/v2\/media\/20991"}],"wp:attachment":[{"href":"https:\/\/jm-metropole.com.br\/site\/wp-json\/wp\/v2\/media?parent=20990"}],"wp:term":[{"taxonomy":"category","embeddable":true,"href":"https:\/\/jm-metropole.com.br\/site\/wp-json\/wp\/v2\/categories?post=20990"},{"taxonomy":"post_tag","embeddable":true,"href":"https:\/\/jm-metropole.com.br\/site\/wp-json\/wp\/v2\/tags?post=20990"}],"curies":[{"name":"wp","href":"https:\/\/api.w.org\/{rel}","templated":true}]}}