{"id":20223,"date":"2024-09-06T09:42:41","date_gmt":"2024-09-06T12:42:41","guid":{"rendered":"https:\/\/jm-metropole.com.br\/site\/?p=20223"},"modified":"2024-09-06T09:42:41","modified_gmt":"2024-09-06T12:42:41","slug":"clebao-e-mane-propoem-solucoes-definitivas-para-as-enchentes-em-santa-isabel","status":"publish","type":"post","link":"https:\/\/jm-metropole.com.br\/site\/clebao-e-mane-propoem-solucoes-definitivas-para-as-enchentes-em-santa-isabel\/","title":{"rendered":"Cleb\u00e3o e Man\u00e9 prop\u00f5em solu\u00e7\u00f5es definitivas para as enchentes em Santa Isabel"},"content":{"rendered":"<p>As enchentes t\u00eam sido um dos maiores desafios enfrentados por Santa Isabel ao longo dos anos, causando grandes preju\u00edzos para a popula\u00e7\u00e3o, especialmente durante a temporada de chuvas. Em janeiro deste ano, por exemplo, a cidade registrou mais de 100 mil\u00edmetros de chuva em um \u00fanico dia, resultando em danos significativos para resid\u00eancias, com\u00e9rcios e infraestrutura.<\/p>\n<p>O candidato a prefeito de Santa Isabel, Cleb\u00e3o (PL), da coliga\u00e7\u00e3o For\u00e7a para Vencer, Coragem para Mudar, est\u00e1 comprometido em resolver esse problema de forma definitiva. Junto com o candidato a vice, Man\u00e9 Bombeiro, que \u00e9 engenheiro civil, ele preparou a maior estrutura de combate \u00e0s enchentes da hist\u00f3ria da cidade. Trata-se de um conjunto de propostas robustas que visam prevenir novas trag\u00e9dias e proporcionar maior seguran\u00e7a para os moradores.<\/p>\n<p>Cleb\u00e3o prop\u00f5e um amplo investimento na moderniza\u00e7\u00e3o do sistema de drenagem da cidade, incluindo a cria\u00e7\u00e3o de novas galerias pluviais e a amplia\u00e7\u00e3o das j\u00e1 existentes, para melhorar o escoamento da \u00e1gua da chuva e evitar alagamentos.<\/p>\n<p>Al\u00e9m disso, a constru\u00e7\u00e3o de piscin\u00f5es em pontos estrat\u00e9gicos da cidade ser\u00e1 uma prioridade. Esses reservat\u00f3rios ser\u00e3o fundamentais para conter grandes volumes de \u00e1gua durante as chuvas intensas, reduzindo assim o risco de enchentes nas \u00e1reas mais vulner\u00e1veis.<\/p>\n<p>O candidato tamb\u00e9m enfatiza a import\u00e2ncia de preservar e recuperar as \u00e1reas verdes da cidade, que desempenham um papel crucial na absor\u00e7\u00e3o da \u00e1gua da chuva. O reflorestamento de \u00e1reas degradadas e a cria\u00e7\u00e3o de novos parques e bosques urbanos fazem parte desse compromisso.<\/p>\n<p>Cleb\u00e3o e Man\u00e9 destacam que a preven\u00e7\u00e3o das enchentes tamb\u00e9m passa pela conscientiza\u00e7\u00e3o da popula\u00e7\u00e3o. Por isso, ele planeja implementar campanhas educativas sobre a import\u00e2ncia de n\u00e3o descartar lixo nas ruas e de preservar o meio ambiente, al\u00e9m de incentivar a participa\u00e7\u00e3o comunit\u00e1ria em projetos de manuten\u00e7\u00e3o de \u00e1reas de risco.<\/p>\n<p>Ele acredita que, com essas a\u00e7\u00f5es, Santa Isabel estar\u00e1 preparada para enfrentar as pr\u00f3ximas temporadas de chuva, garantindo que a popula\u00e7\u00e3o n\u00e3o sofra mais com os transtornos causados pelas enchentes: &#8220;N\u00e3o podemos permitir que as enchentes continuem devastando nossa cidade. \u00c9 hora de agir com seriedade e comprometimento, investindo em solu\u00e7\u00f5es que realmente fa\u00e7am a diferen\u00e7a na vida dos isabelenses&#8221;.<\/p>\n<p>Para obter outras informa\u00e7\u00f5es sobre as propostas de Cleb\u00e3o e o plano de governo completo, acesse o site oficial da campanha (<a href=\"http:\/\/www.clebao22.com.br\">www.clebao22.com.br<\/a>).<\/p>\n","protected":false},"excerpt":{"rendered":"<p>As enchentes t\u00eam sido um dos maiores desafios enfrentados por Santa Isabel ao longo dos anos, causando grandes preju\u00edzos para a popula\u00e7\u00e3o, especialmente durante a temporada de chuvas. Em janeiro deste ano, por exemplo, a cidade registrou mais de 100 mil\u00edmetros de chuva em um \u00fanico dia, resultando em danos significativos para resid\u00eancias, com\u00e9rcios e [&hellip;]<\/p>\n","protected":false},"author":1,"featured_media":20224,"comment_status":"open","ping_status":"open","sticky":false,"template":"","format":"standard","meta":{"footnotes":""},"categories":[5],"tags":[],"class_list":{"0":"post-20223","1":"post","2":"type-post","3":"status-publish","4":"format-standard","5":"has-post-thumbnail","7":"category-santa-isabel"},"_links":{"self":[{"href":"https:\/\/jm-metropole.com.br\/site\/wp-json\/wp\/v2\/posts\/20223","targetHints":{"allow":["GET"]}}],"collection":[{"href":"https:\/\/jm-metropole.com.br\/site\/wp-json\/wp\/v2\/posts"}],"about":[{"href":"https:\/\/jm-metropole.com.br\/site\/wp-json\/wp\/v2\/types\/post"}],"author":[{"embeddable":true,"href":"https:\/\/jm-metropole.com.br\/site\/wp-json\/wp\/v2\/users\/1"}],"replies":[{"embeddable":true,"href":"https:\/\/jm-metropole.com.br\/site\/wp-json\/wp\/v2\/comments?post=20223"}],"version-history":[{"count":1,"href":"https:\/\/jm-metropole.com.br\/site\/wp-json\/wp\/v2\/posts\/20223\/revisions"}],"predecessor-version":[{"id":20225,"href":"https:\/\/jm-metropole.com.br\/site\/wp-json\/wp\/v2\/posts\/20223\/revisions\/20225"}],"wp:featuredmedia":[{"embeddable":true,"href":"https:\/\/jm-metropole.com.br\/site\/wp-json\/wp\/v2\/media\/20224"}],"wp:attachment":[{"href":"https:\/\/jm-metropole.com.br\/site\/wp-json\/wp\/v2\/media?parent=20223"}],"wp:term":[{"taxonomy":"category","embeddable":true,"href":"https:\/\/jm-metropole.com.br\/site\/wp-json\/wp\/v2\/categories?post=20223"},{"taxonomy":"post_tag","embeddable":true,"href":"https:\/\/jm-metropole.com.br\/site\/wp-json\/wp\/v2\/tags?post=20223"}],"curies":[{"name":"wp","href":"https:\/\/api.w.org\/{rel}","templated":true}]}}