{"id":20214,"date":"2024-09-06T09:30:04","date_gmt":"2024-09-06T12:30:04","guid":{"rendered":"https:\/\/jm-metropole.com.br\/site\/?p=20214"},"modified":"2024-09-06T09:33:06","modified_gmt":"2024-09-06T12:33:06","slug":"plano-de-governo-robusto-e-politica-de-continuidade-marcam-a-campanha-de-camargo-a-prefeito-de-aruja","status":"publish","type":"post","link":"https:\/\/jm-metropole.com.br\/site\/plano-de-governo-robusto-e-politica-de-continuidade-marcam-a-campanha-de-camargo-a-prefeito-de-aruja\/","title":{"rendered":"Plano de Governo robusto e pol\u00edtica de continuidade marcam a campanha de Camargo a Prefeito de Aruj\u00e1"},"content":{"rendered":"<p>Ancorado com um Plano de Governo robusto e realista e alinhado \u00e0 proposta de um Governo de continuidade, Camargo elencou in\u00fameras obras e servi\u00e7os a serem realizados em diversos setores na cidade, em que disputa a reelei\u00e7\u00e3o \u00e0 cadeira no Executivo Municipal neste pr\u00f3ximo mandato. Luis Camargo ou Dr Camargo, como \u00e9 conhecido, nasceu na Vila Maria, em S\u00e3o Paulo, em 1\u00b0 de mar\u00e7o de 1964, mudando-se para Aruj\u00e1 na adolesc\u00eancia, onde estabeleceu a vida pessoal e profissional, trilhando uma carreira de sucesso.<\/p>\n<p>Desde cedo, demonstrou determina\u00e7\u00e3o ao iniciar a jornada profissional aos 11 anos de idade como entregador de jornais, conciliando o trabalho com os estudos. Aos 14 anos come\u00e7ou a trabalhar como aprendiz em uma f\u00e1brica de m\u00f3veis e, aos 16, ingressou na carreira banc\u00e1ria, revelando o interesse e aptid\u00e3o pelas \u00e1reas do Direito e Economia. Aos 23 anos iniciou a carreira como advogado, formando-se mestre em Direito P\u00fablico pela Universidade Cat\u00f3lica de Santos, p\u00f3s-graduado em Direito Econ\u00f4mico-Penal pela Universidade de Coimbra e especialista em Direito Tribut\u00e1rio pela PUC-SP, obtendo grande reconhecimento no ramo, tendo sido presidente da Subse\u00e7\u00e3o da Ordem dos Advogados do Brasil (OAB) de Aruj\u00e1 e atuado tamb\u00e9m como consultor jur\u00eddico em v\u00e1rias C\u00e2maras e Prefeituras da regi\u00e3o.<\/p>\n<p>Movido pela cren\u00e7a no poder de &#8220;transformar vidas&#8221;, Camargo candidatou-se a prefeito de Aruj\u00e1 pela primeira vez em 2016, conquistando o segundo lugar no pleito eleitoral. Apesar de n\u00e3o ter vencido a elei\u00e7\u00e3o naquela \u00e9poca, continuou seu compromisso com a mudan\u00e7a social, fundando o Instituto Vivaruj\u00e1, que reconhece e promove a import\u00e2ncia fundamental de preparar os jovens para o futuro, oferecendo aulas de M\u00fasica para crian\u00e7as e pr\u00e9-adolescentes da cidade e proporcionando-lhes oportunidades de desenvolvimento e express\u00e3o cultural.<\/p>\n<p>Camargo persistiu no objetivo de contribuir para deixar um legado de supera\u00e7\u00e3o da antiga Aruj\u00e1 e esperan\u00e7a para as futuras gera\u00e7\u00f5es, candidatando-se novamente. Ent\u00e3o, veio em 2020 a vit\u00f3ria nas urnas. &#8220;Se existe uma outra maneira de melhorar a vida das pessoas, que n\u00e3o seja atrav\u00e9s da pol\u00edtica, eu desconhe\u00e7o. E, uma vez na vida p\u00fablica, devemos acordar, todos os dias, com o seguinte pensamento: &#8216;o que eu devo fazer hoje pelo meu semelhante?&#8217; Porque se n\u00e3o for assim, n\u00e3o h\u00e1 prop\u00f3sito e nem sentido naquilo que fazemos&#8221;, observa.<\/p>\n<p>Seu sucesso como gestor e envolvimento nas causas sociais, perpetuado por sua esposa, Clau Camargo, fez dele uma importante lideran\u00e7a regional no PSD, atraindo v\u00e1rios partidos para apoiar a chapa majorit\u00e1ria com Rodolfo do PL como candidato a vice, totalizando 10 legendas. Camargo, no entanto, faz quest\u00e3o de frisar que, independente de siglas partid\u00e1rias, o que importa \u00e9 o bem e o progresso da cidade e, por isso, a escolha do nome da coliga\u00e7\u00e3o foi &#8220;Meu Partido \u00e9 Aruj\u00e1&#8221;. &#8220;Muito j\u00e1 foi feito, mas o trabalho n\u00e3o pode parar, porque Aruj\u00e1, finalmente, deixou de ser aquela cidade-dormit\u00f3rio para ser uma cidade que pulsa, vibra, que tem vida e que est\u00e1 agora, finalmente, no radar dos governos estadual e federal. E vem muito mais por a\u00ed!&#8221;, garante Camargo.<\/p>\n<p>Confira a seguir o Plano de Governo de Camargo para 2025 &#8211; 2028:<\/p>\n<p>C I D A D E S U S T E N T \u00c1 V E L E I N F R A E S T R U T U R A<\/p>\n<p>&#8211; Instalar energia solar fotovoltaica em pr\u00e9dios p\u00fablicos e espa\u00e7os municipais, promovendo n\u00e3o s\u00f3 a sustentabilidade energ\u00e9tica, mas tamb\u00e9m o crescimento econ\u00f4mico local.<\/p>\n<p>&#8211; Lan\u00e7amento da campanha educativa e programa de conscientiza\u00e7\u00e3o para a popula\u00e7\u00e3o sobre a import\u00e2ncia da sustentabilidade energ\u00e9tica e das fontes renov\u00e1veis de energia, visando mudan\u00e7as de comportamento e h\u00e1bitos em dire\u00e7\u00e3o a pr\u00e1ticas mais sustent\u00e1veis.<\/p>\n<p>&#8211; Estudo de pol\u00edticas tribut\u00e1rias favor\u00e1veis ao setor energ\u00e9tico, incentivando investimentos em energia limpa e renov\u00e1vel e simplificar os processos burocr\u00e1ticos para favorecer implementa\u00e7\u00e3o de energia limpa e sustent\u00e1vel.<\/p>\n<p>&#8211; Promover o desenvolvimento social e ambiental por meio do uso consciente de energia el\u00e9trica, tendo os espa\u00e7os municipais como exemplo, evidenciando os benef\u00edcios econ\u00f4micos decorrentes das economias alcan\u00e7adas.<\/p>\n<p>C R E S C I M E N T O E C O N \u00d4 M I C O E D E S E N V O L V I M E N T O S U S T E N T \u00c1 V E L<\/p>\n<p>&#8211; Fortalecimento do Empreendedorismo Feminino, com a cria\u00e7\u00e3o Espa\u00e7o da Mulher de Neg\u00f3cios para apoiar e empoderar mulheres empreendedoras, oferecendo recursos, treinamentos e networking.<\/p>\n<p>&#8211; Apoio ao Microempreendedor com o lan\u00e7amento de um N\u00facleo de Exposi\u00e7\u00e3o Itinerante da Feira do Microempreendedor, visando ampliar as oportunidades de mercado para pequenos empres\u00e1rios.<\/p>\n<p>&#8211; Educa\u00e7\u00e3o e Capacita\u00e7\u00e3o Profissional, com a amplia\u00e7\u00e3o de cursos, treinamentos e palestras para microempreendedores e empreendedores em geral, fortalecendo o empreendedorismo atrav\u00e9s da capacita\u00e7\u00e3o cont\u00ednua.<\/p>\n<p>&#8211; Institui\u00e7\u00e3o do Fundo de Desenvolvimento Econ\u00f4mico e cria\u00e7\u00e3o de uma Incubadora de Empresas, oferecendo suporte financeiro e t\u00e9cnico para startups e novos neg\u00f3cios.<\/p>\n<p>&#8211; Implementa\u00e7\u00e3o de campanhas de marketing para fortalecer o com\u00e9rcio varejista, aumentando o apoio ao com\u00e9rcio local e incentivando o consumo dentro da comunidade.<\/p>\n<p>&#8211; Cria\u00e7\u00e3o de um Centro de Eventos e de um Centro de Inova\u00e7\u00e3o Tecnol\u00f3gica, facilitando a realiza\u00e7\u00e3o de eventos de grande escala e fomentando a inova\u00e7\u00e3o e a tecnologia no ambiente empresarial.<\/p>\n<p>&#8211; Manuten\u00e7\u00e3o das parcerias com o \u201cSistema S\u201d e amplia\u00e7\u00e3o do pr\u00e9dio do SENAI.<\/p>\n<p>S A \u00da D E E B E M &#8211; E S T A R<\/p>\n<p>&#8211; Cria\u00e7\u00e3o do Pr\u00f3 Mulher: Implementar o programa Pr\u00f3 Mulher, oferecendo atendimento especializado para mulheres, incluindo servi\u00e7os como ginecologia, ultrassonografia, mamografia, colposcopia e exames de Papanicolau.<\/p>\n<p>&#8211; Entrega da nova UBS do Jardim Em\u00edlia: Inaugurar a nova Unidade B\u00e1sica de Sa\u00fade do Jardim Em\u00edlia, ampliando o acesso a servi\u00e7os de sa\u00fade prim\u00e1rios para a comunidade local.<\/p>\n<p>&#8211; Entrega do CAPS II &#8211; Sa\u00fade Mental: Inaugurar o Centro de Aten\u00e7\u00e3o Psicossocial II, focado em sa\u00fade mental, para oferecer suporte especializado e cont\u00ednuo.<\/p>\n<p>&#8211; Entrega do Hospital Geral Municipal de Aruj\u00e1: Finalizar a constru\u00e7\u00e3o do Hospital Geral Municipal de Aruj\u00e1, proporcionando uma ampla gama de servi\u00e7os m\u00e9dicos para a popula\u00e7\u00e3o.<\/p>\n<p>&#8211; Amplia\u00e7\u00e3o da Estrat\u00e9gia Sa\u00fade da Fam\u00edlia: Expandir o programa Estrat\u00e9gia Sa\u00fade da Fam\u00edlia, aumentando o n\u00famero de equipes para melhorar o atendimento preventivo e cont\u00ednuo nas comunidades.<\/p>\n<p>&#8211; Revitaliza\u00e7\u00e3o do Centro de Zoonoses e Amplia\u00e7\u00e3o dos Servi\u00e7os Veterin\u00e1rios, que proporcionar\u00e1 a oferta de cuidados m\u00e9dicos adequados aos animais e prevenir a transmiss\u00e3o de zoonoses.<\/p>\n<p>A S S I S T \u00ca N C I A S O C I A L E R E D U \u00c7 \u00c3 O D A S D E S I G U A L D A D E S<\/p>\n<p>&#8211; Fortalecimento da Assist\u00eancia aos Idosos e Jovens: Ampliar o Centro de Conviv\u00eancia do Idoso e os Servi\u00e7os de Conviv\u00eancia e Fortalecimento de V\u00ednculos para incluir jovens acima de 18 anos.<\/p>\n<p>&#8211; Atualizar e expandir o Programa Renda Familiar M\u00ednima e o Programa Emergencial ao Desemprego (Frente de Trabalho) para melhorar as condi\u00e7\u00f5es e acessibilidade, focando na inclus\u00e3o social e empregabilidade.<\/p>\n<p>&#8211; Constru\u00e7\u00e3o de um Centro POP para atendimento \u00e0 popula\u00e7\u00e3o em situa\u00e7\u00e3o de rua.<\/p>\n<p>&#8211; Adotar servi\u00e7os de acolhimento para mulheres v\u00edtimas de viol\u00eancia e servi\u00e7os de Resid\u00eancia Inclusiva para pessoas com defici\u00eancia, em parceria com o CONDEMAT, melhorando a cobertura e a efici\u00eancia dos servi\u00e7os.<\/p>\n<p>&#8211; Constru\u00e7\u00e3o de uma Casa de Passagem ou Centro POP para atendimento \u00e0 popula\u00e7\u00e3o em situa\u00e7\u00e3o de rua.<\/p>\n<p>&#8211; Explorar parcerias com Organiza\u00e7\u00f5es da Sociedade Civil (OSC) para a gest\u00e3o e amplia\u00e7\u00e3o de servi\u00e7os em diferentes bairros, garantindo uma abordagem mais abrangente e inclusiva na presta\u00e7\u00e3o de servi\u00e7os sociais.<\/p>\n<p>&#8211; Entrega do novo CRAS do Mirante, oferecendo programas de apoio e desenvolvimento para todas as fam\u00edlias de Aruj\u00e1, especialmente as mais vulner\u00e1veis.<\/p>\n<p>T U R I S M O S U S T E N T \u00c1 V E L<\/p>\n<p>&#8211; Implanta\u00e7\u00e3o do Parque do Lago no bairro S\u00e3o Domingos, para promo\u00e7\u00e3o de lazer e a educa\u00e7\u00e3o ambiental.<\/p>\n<p>&#8211; Implanta\u00e7\u00e3o do Bosque da Nascente na nascente do Baquirivu, para promo\u00e7\u00e3o de lazer e a educa\u00e7\u00e3o ambiental.<\/p>\n<p>&#8211; Desenvolvimento de um Mirante Tur\u00edstico enriquecendo o turismo cultural e panor\u00e2mico.<\/p>\n<p>&#8211; Reforma e revitaliza\u00e7\u00e3o das Pra\u00e7as do Centen\u00e1rio e do Coreto, al\u00e9m da implanta\u00e7\u00e3o de um monumento na Pra\u00e7a da B\u00edblia, para revitalizar \u00e1reas hist\u00f3ricas e fomentar o turismo religioso e hist\u00f3rico.<\/p>\n<p>&#8211; Constru\u00e7\u00e3o de uma pista de mountain bike, promovendo o turismo esportivo e a mobilidade sustent\u00e1vel.<\/p>\n<p>&#8211; Oficializa\u00e7\u00e3o e promo\u00e7\u00e3o de rotas tur\u00edsticas guiadas e gratuitas, abrangendo tem\u00e1ticas esportiva, religiosa, gastron\u00f4mica, ecol\u00f3gica e hist\u00f3rica, diversificando a oferta tur\u00edstica e educacional.<\/p>\n<p>&#8211; Desenvolvimento Gastron\u00f4mico e Cultural, por meio da promo\u00e7\u00e3o de festivais tem\u00e1ticos, celebrando as tradi\u00e7\u00f5es culin\u00e1rias locais e estimulando a economia.<\/p>\n<p>&#8211; Promo\u00e7\u00e3o de forma\u00e7\u00e3o e capacita\u00e7\u00e3o profissional, por meio de oferta de novos cursos voltados para o setor tur\u00edstico, atrav\u00e9s da escola de turismo, pioneira no Estado de S\u00e3o Paulo.<\/p>\n<p>P L A N E J A M E N T O U R B A N O E D E S E N V O L V I M E N T O I N T E G R A D O<\/p>\n<p>&#8211; Estrutura\u00e7\u00e3o e implanta\u00e7\u00e3o de Geoprocessamento Municipal para fiscaliza\u00e7\u00e3o e an\u00e1lise territorial detalhada, e reforma das instala\u00e7\u00f5es da Secretaria Municipal de Planejamento Urbano (SMPU) para melhorar a estrutura f\u00edsica e el\u00e9trica.<\/p>\n<p>&#8211; Extens\u00f5es de rede de \u00e1gua e esgoto e melhorias gerais de saneamento b\u00e1sico, com fundos da SABESP e FMSAI, garantindo servi\u00e7os essenciais para sa\u00fade p\u00fablica e sustentabilidade.<\/p>\n<p>&#8211; Implementa\u00e7\u00e3o de ciclovias e revitaliza\u00e7\u00e3o de vias, cria\u00e7\u00e3o de um anel vi\u00e1rio para desvio de ve\u00edculos pesados, e interliga\u00e7\u00e3o das Rodovias Mogi Dutra e Presidente Dutra, aliviando o tr\u00e1fego na regi\u00e3o central e melhorando a mobilidade urbana.<\/p>\n<p>&#8211; Elabora\u00e7\u00e3o de cartilhas educativas sobre uso respons\u00e1vel de cal\u00e7adas, \u00e1gua e esgoto, promovendo pr\u00e1ticas sustent\u00e1veis entre os cidad\u00e3os.<\/p>\n<p>&#8211; Revis\u00e3o e atualiza\u00e7\u00e3o das leis de Zoneamento, Estudo de Impacto de Vizinhan\u00e7a (EIV) e Outorga Onerosa, al\u00e9m da intensifica\u00e7\u00e3o da fiscaliza\u00e7\u00e3o de \u00e1reas irregulares e invadidas, assegurando o desenvolvimento urbano ordenado e seguro.<\/p>\n<p>H A B I T A \u00c7 \u00c3 O E P O L \u00cd T I C A S H A B I T A C I O N A I S<\/p>\n<p>&#8211; Implementa\u00e7\u00e3o de programas de regulariza\u00e7\u00e3o fundi\u00e1ria para garantir a legalidade da posse de terras para residentes de \u00e1reas n\u00e3o regularizadas.<\/p>\n<p>&#8211; Programas espec\u00edficos para a legitima\u00e7\u00e3o de lotes, focando em \u00e1reas onde os moradores j\u00e1 estabelecidos possam ter sua posse formalizada. Isso ajudar\u00e1 a integrar essas \u00e1reas ao tecido urbano formal, melhorando o planejamento e a presta\u00e7\u00e3o de servi\u00e7os.<\/p>\n<p>&#8211; Desenvolvimento de projetos habitacionais em parceria com o Programa Minha Casa Minha Vida, focados na constru\u00e7\u00e3o de moradias populares.<\/p>\n<p>E S P O R T E S<\/p>\n<p>&#8211; Instala\u00e7\u00e3o de uma piscina moderna no Mirante com acessibilidade para determinados grupos et\u00e1rios.<\/p>\n<p>&#8211; Amplia\u00e7\u00e3o do programa para incluir novas modalidades esportivas, aumentando a participa\u00e7\u00e3o comunit\u00e1ria.<\/p>\n<p>&#8211; Moderniza\u00e7\u00e3o do Campo da Torre com novo gramado, ilumina\u00e7\u00e3o para jogos noturnos e melhorias nas instala\u00e7\u00f5es de suporte.<\/p>\n<p>&#8211; Revitaliza\u00e7\u00e3o dos Gin\u00e1sios Esportivos (Habib Tannuri, M\u00e1rio Covas, Rinc\u00e3o): Reforma completa dos gin\u00e1sios, incluindo atualiza\u00e7\u00f5es de infraestrutura e equipamentos para treinamento e competi\u00e7\u00f5es.<\/p>\n<p>&#8211; Desenvolvimento de um complexo esportivo que tamb\u00e9m servir\u00e1 como nova sede da Secretaria de Esportes, promovendo programas integrados de esporte e lazer.<\/p>\n<p>&#8211; Atividade F\u00edsica Espec\u00edfica para Gestantes: Implementa\u00e7\u00e3o de programas de exerc\u00edcios adaptados para gestantes, visando sa\u00fade e bem-estar durante a gravidez.<\/p>\n<p>&#8211; Realiza\u00e7\u00e3o das Olimp\u00edadas estudantis, que ser\u00e1 um evento anual destinado a incentivar a pr\u00e1tica esportiva e o esp\u00edrito competitivo saud\u00e1vel entre estudantes.<\/p>\n<p>C U L T U R A E D E S E N V O L V I M E N T O A R T \u00cd S T I C O<\/p>\n<p>&#8211; Continuar a valoriza\u00e7\u00e3o e o incentivo aos artistas locais atrav\u00e9s de desenvolvimento de programas de capacita\u00e7\u00e3o cont\u00ednua, incluindo workshops e cursos gratuitos em diversas habilidades art\u00edsticas e empresariais, que ser\u00e3o instaladas na Escola 4.0. Amplia\u00e7\u00e3o dos editais e concursos culturais para fomentar a produ\u00e7\u00e3o art\u00edstica que celebre a identidade de Aruj\u00e1, criando-se uma Incubadora e Aceleradora Cultural para esta finalidade.<\/p>\n<p>&#8211; Manuten\u00e7\u00e3o e reforma dos espa\u00e7os culturais existentes e amplia\u00e7\u00e3o das oficinas culturais para incluir novas modalidades art\u00edsticas. Aumentar o n\u00famero de espa\u00e7os p\u00fablicos dispon\u00edveis para apresenta\u00e7\u00f5es e exposi\u00e7\u00f5es, como os novos Parques Municipais, garantindo acessibilidade cultural em todos os bairros, por meio da cria\u00e7\u00e3o do projeto Tenda Cultural.<\/p>\n<p>&#8211; Implementar o projeto &#8220;Arte e Natureza nas Escolas&#8221;, integrando programas de educa\u00e7\u00e3o ambiental com atividades culturais para fomentar a conscientiza\u00e7\u00e3o e aprecia\u00e7\u00e3o conjunta da cultura e do meio ambiente.<\/p>\n<p>&#8211; Constru\u00e7\u00e3o de um Teatro Municipal para acomodar uma gama maior de apresenta\u00e7\u00f5es culturais e cria\u00e7\u00e3o de uma Orquestra Municipal, expandindo as op\u00e7\u00f5es culturais e educacionais dispon\u00edveis.<\/p>\n<p>&#8211; Introdu\u00e7\u00e3o de iniciativas como um calend\u00e1rio itinerante para o \u00d4nibus do Saber, aquisi\u00e7\u00e3o de um novo Caminh\u00e3o Palco para eventos ao ar livre, e a cria\u00e7\u00e3o de um est\u00fadio de \u00e1udio e v\u00eddeo para apoiar a produ\u00e7\u00e3o de conte\u00fado local de qualidade.<\/p>\n<p>M E I O A M B I E N T E E S U S T E N T A B I L I D A D E<\/p>\n<p>&#8211; Ilumina\u00e7\u00e3o do Parque dos Ip\u00eas: Instala\u00e7\u00e3o de ilumina\u00e7\u00e3o eficiente e sustent\u00e1vel no Parque dos Ip\u00eas para aumentar a seguran\u00e7a e prolongar seu uso pelas comunidades locais.<\/p>\n<p>&#8211; Ilumina\u00e7\u00e3o do Parque Cidade Natureza: Instala\u00e7\u00e3o de ilumina\u00e7\u00e3o eficiente e sustent\u00e1vel no Parque Cidade Natureza para aumentar a seguran\u00e7a e prolongar seu uso pelas comunidades locais.<\/p>\n<p>&#8211; Expans\u00e3o e moderniza\u00e7\u00e3o do viveiro municipal para apoiar a biodiversidade e fornecer plantas para projetos de arboriza\u00e7\u00e3o urbana em Aruj\u00e1.<\/p>\n<p>&#8211; Desenvolvimento de um plano abrangente de arboriza\u00e7\u00e3o para aumentar o verde nas \u00e1reas urbanas, melhorando a qualidade do ar e reduzindo o calor.<\/p>\n<p>&#8211; Revis\u00e3o do Plano Municipal de Res\u00edduos S\u00f3lidos: Atualiza\u00e7\u00e3o do plano para melhorar a efici\u00eancia da coleta, reciclagem e gest\u00e3o de res\u00edduos, integrando tecnologias modernas e pr\u00e1ticas sustent\u00e1veis.<\/p>\n<p>&#8211; Implementa\u00e7\u00e3o de programas educacionais para sensibilizar a comunidade sobre pr\u00e1ticas sustent\u00e1veis e a import\u00e2ncia da preserva\u00e7\u00e3o ambiental.<\/p>\n<p>&#8211; Constru\u00e7\u00e3o do Parque do Jardim Real, oferecendo um novo espa\u00e7o de lazer e educa\u00e7\u00e3o ambiental.<\/p>\n<p>&#8211; Entrega do PEV do Bairro do Mirante e PEV do Jardim Real, visando incentivar pr\u00e1ticas respons\u00e1veis de descarte e reciclagem.<\/p>\n<p>E D U C A \u00c7 \u00c3 O P A R A T O D O S<\/p>\n<p>&#8211; Expans\u00e3o de Vagas na Educa\u00e7\u00e3o Infantil: Multiplica\u00e7\u00e3o das vagas de creche em per\u00edodo integral e abertura de novas creches descentralizadas para melhor acesso em diferentes regi\u00f5es da cidade.<\/p>\n<p>&#8211; Amplia\u00e7\u00e3o do atendimento aos alunos com necessidades especiais atrav\u00e9s de novos centros municipais especializados, juntamente com a amplia\u00e7\u00e3o do pr\u00e9dio e consequente expans\u00e3o das vagas de atendimento em psicologia e fonoaudiologia.<\/p>\n<p>&#8211; Educa\u00e7\u00e3o em Per\u00edodo Integral: Aumento do n\u00famero de vagas dispon\u00edveis para escolaridade em per\u00edodo integral, garantindo maior cobertura e apoio educacional prolongado.<\/p>\n<p>&#8211; Realiza\u00e7\u00e3o de adequa\u00e7\u00f5es e melhorias nas unidades escolares existentes, incluindo a cobertura de quadras poliesportivas para promover atividades f\u00edsicas em todas as condi\u00e7\u00f5es clim\u00e1ticas.<\/p>\n<p>&#8211; Manuten\u00e7\u00e3o e amplia\u00e7\u00e3o de parcerias com entidades do terceiro setor, como a APAE, para oferecer ensino especializado e suporte adicional aos alunos que necessitam.<\/p>\n<p>&#8211; Promo\u00e7\u00e3o da compra de alimentos produzidos localmente para a merenda escolar, incentivando a agricultura familiar e garantindo refei\u00e7\u00f5es saud\u00e1veis e sustent\u00e1veis para os estudantes.<\/p>\n<p>&#8211; Constru\u00e7\u00e3o de Escola Municipal no Parque Rodrigo Barreto, visando a amplia\u00e7\u00e3o de vagas aos estudantes municipais.<\/p>\n<p>&#8211; Continuidade dos Cursos de forma\u00e7\u00e3o continuada aos professores da rede, qualificando ainda mais os profissionais da rede de ensino Municipal.<\/p>\n<p>S E G U R A N \u00c7 A P \u00da B L I C A , M O B I L I D A D E U R B A N A E D E F E S A C I V I L<\/p>\n<p>&#8211; Amplia\u00e7\u00e3o e Fortalecimento da Guarda Civil Municipal (GCM): Expans\u00e3o da base da GCM e forma\u00e7\u00e3o de uma unidade ambiental especializada, aquisi\u00e7\u00e3o de novas viaturas e amplia\u00e7\u00e3o do sistema de monitoramento eletr\u00f4nico nos bairros para aumentar a seguran\u00e7a p\u00fablica.<\/p>\n<p>&#8211; Elabora\u00e7\u00e3o e implementa\u00e7\u00e3o do Plano Municipal de Seguran\u00e7a P\u00fablica, visando estrat\u00e9gias integradas para melhoria cont\u00ednua da seguran\u00e7a na cidade.<\/p>\n<p>&#8211; Educa\u00e7\u00e3o e Melhorias no Tr\u00e2nsito com amplia\u00e7\u00e3o das iniciativas de educa\u00e7\u00e3o de tr\u00e2nsito e refor\u00e7o das opera\u00e7\u00f5es de tr\u00e1fego e implementa\u00e7\u00e3o de melhorias significativas no tr\u00e2nsito da regi\u00e3o central para otimizar a fluidez e a seguran\u00e7a vi\u00e1ria.<\/p>\n<p>&#8211; Contrata\u00e7\u00e3o de agentes adicionais e estabelecimento de uma sede para a Defesa Civil.<\/p>\n<p>&#8211; Implementa\u00e7\u00e3o de monitoramento eletr\u00f4nico remoto em \u00e1reas cr\u00edticas para preven\u00e7\u00e3o e resposta r\u00e1pida a emerg\u00eancias.<\/p>\n","protected":false},"excerpt":{"rendered":"<p>Ancorado com um Plano de Governo robusto e realista e alinhado \u00e0 proposta de um Governo de continuidade, Camargo elencou in\u00fameras obras e servi\u00e7os a serem realizados em diversos setores na cidade, em que disputa a reelei\u00e7\u00e3o \u00e0 cadeira no Executivo Municipal neste pr\u00f3ximo mandato. Luis Camargo ou Dr Camargo, como \u00e9 conhecido, nasceu na [&hellip;]<\/p>\n","protected":false},"author":1,"featured_media":20219,"comment_status":"open","ping_status":"open","sticky":false,"template":"","format":"standard","meta":{"footnotes":""},"categories":[4],"tags":[],"class_list":{"0":"post-20214","1":"post","2":"type-post","3":"status-publish","4":"format-standard","5":"has-post-thumbnail","7":"category-aruja"},"_links":{"self":[{"href":"https:\/\/jm-metropole.com.br\/site\/wp-json\/wp\/v2\/posts\/20214","targetHints":{"allow":["GET"]}}],"collection":[{"href":"https:\/\/jm-metropole.com.br\/site\/wp-json\/wp\/v2\/posts"}],"about":[{"href":"https:\/\/jm-metropole.com.br\/site\/wp-json\/wp\/v2\/types\/post"}],"author":[{"embeddable":true,"href":"https:\/\/jm-metropole.com.br\/site\/wp-json\/wp\/v2\/users\/1"}],"replies":[{"embeddable":true,"href":"https:\/\/jm-metropole.com.br\/site\/wp-json\/wp\/v2\/comments?post=20214"}],"version-history":[{"count":1,"href":"https:\/\/jm-metropole.com.br\/site\/wp-json\/wp\/v2\/posts\/20214\/revisions"}],"predecessor-version":[{"id":20216,"href":"https:\/\/jm-metropole.com.br\/site\/wp-json\/wp\/v2\/posts\/20214\/revisions\/20216"}],"wp:featuredmedia":[{"embeddable":true,"href":"https:\/\/jm-metropole.com.br\/site\/wp-json\/wp\/v2\/media\/20219"}],"wp:attachment":[{"href":"https:\/\/jm-metropole.com.br\/site\/wp-json\/wp\/v2\/media?parent=20214"}],"wp:term":[{"taxonomy":"category","embeddable":true,"href":"https:\/\/jm-metropole.com.br\/site\/wp-json\/wp\/v2\/categories?post=20214"},{"taxonomy":"post_tag","embeddable":true,"href":"https:\/\/jm-metropole.com.br\/site\/wp-json\/wp\/v2\/tags?post=20214"}],"curies":[{"name":"wp","href":"https:\/\/api.w.org\/{rel}","templated":true}]}}