{"id":20062,"date":"2024-08-30T07:11:43","date_gmt":"2024-08-30T10:11:43","guid":{"rendered":"https:\/\/jm-metropole.com.br\/site\/?p=20062"},"modified":"2024-08-30T07:11:43","modified_gmt":"2024-08-30T10:11:43","slug":"governo-de-sp-inaugura-novo-modelo-de-base-comunitaria-da-pm-no-centro-da-capital","status":"publish","type":"post","link":"https:\/\/jm-metropole.com.br\/site\/governo-de-sp-inaugura-novo-modelo-de-base-comunitaria-da-pm-no-centro-da-capital\/","title":{"rendered":"Governo de SP inaugura novo modelo de Base Comunit\u00e1ria da PM no centro da capital"},"content":{"rendered":"<p class=\"excerpt\">Unidade para 16 policiais e duas viaturas refor\u00e7ar\u00e1 a seguran\u00e7a em \u00e1reas estrat\u00e9gicas; nove ser\u00e3o instaladas at\u00e9 o fim do ano<\/p>\n<p>O governador Tarc\u00edsio de Freitas entregou nesta quinta-feira (29) a Base Comunit\u00e1ria Luz, localizada no Parque da Luz, no Bom Retiro, no centro da capital. O equipamento \u00e9 o primeiro de um total de nove que ser\u00e3o instalados at\u00e9 o fim do ano para refor\u00e7ar a seguran\u00e7a em \u00e1reas estrat\u00e9gicas da cidade. Com o novo modelo de equipamento, que pode ser transferido de local conforme a necessidade, S\u00e3o Paulo avan\u00e7a nas a\u00e7\u00f5es para reduzir a criminalidade, melhorar a percep\u00e7\u00e3o de seguran\u00e7a da popula\u00e7\u00e3o e aumentar a integra\u00e7\u00e3o da Pol\u00edcia Militar com a comunidade.<\/p>\n<p>Leia a mat\u00e9ria completa em:\u00a0<a role=\"link\" href=\"https:\/\/www.agenciasp.sp.gov.br\/governo-de-sp-inaugura-novo-modelo-de-base-comunitaria-da-pm-no-centro-da-capital\/\" target=\"_blank\" rel=\"noopener\">https:\/\/www.agenciasp.sp.gov.br\/governo-de-sp-inaugura-novo-modelo-de-base-comunitaria-da-pm-no-centro-da-capital\/<\/a><\/p>\n","protected":false},"excerpt":{"rendered":"<p>Unidade para 16 policiais e duas viaturas refor\u00e7ar\u00e1 a seguran\u00e7a em \u00e1reas estrat\u00e9gicas; nove ser\u00e3o instaladas at\u00e9 o fim do ano O governador Tarc\u00edsio de Freitas entregou nesta quinta-feira (29) a Base Comunit\u00e1ria Luz, localizada no Parque da Luz, no Bom Retiro, no centro da capital. O equipamento \u00e9 o primeiro de um total de [&hellip;]<\/p>\n","protected":false},"author":1,"featured_media":20063,"comment_status":"open","ping_status":"open","sticky":false,"template":"","format":"standard","meta":{"footnotes":""},"categories":[16],"tags":[],"class_list":{"0":"post-20062","1":"post","2":"type-post","3":"status-publish","4":"format-standard","5":"has-post-thumbnail","7":"category-seguranca"},"_links":{"self":[{"href":"https:\/\/jm-metropole.com.br\/site\/wp-json\/wp\/v2\/posts\/20062","targetHints":{"allow":["GET"]}}],"collection":[{"href":"https:\/\/jm-metropole.com.br\/site\/wp-json\/wp\/v2\/posts"}],"about":[{"href":"https:\/\/jm-metropole.com.br\/site\/wp-json\/wp\/v2\/types\/post"}],"author":[{"embeddable":true,"href":"https:\/\/jm-metropole.com.br\/site\/wp-json\/wp\/v2\/users\/1"}],"replies":[{"embeddable":true,"href":"https:\/\/jm-metropole.com.br\/site\/wp-json\/wp\/v2\/comments?post=20062"}],"version-history":[{"count":1,"href":"https:\/\/jm-metropole.com.br\/site\/wp-json\/wp\/v2\/posts\/20062\/revisions"}],"predecessor-version":[{"id":20064,"href":"https:\/\/jm-metropole.com.br\/site\/wp-json\/wp\/v2\/posts\/20062\/revisions\/20064"}],"wp:featuredmedia":[{"embeddable":true,"href":"https:\/\/jm-metropole.com.br\/site\/wp-json\/wp\/v2\/media\/20063"}],"wp:attachment":[{"href":"https:\/\/jm-metropole.com.br\/site\/wp-json\/wp\/v2\/media?parent=20062"}],"wp:term":[{"taxonomy":"category","embeddable":true,"href":"https:\/\/jm-metropole.com.br\/site\/wp-json\/wp\/v2\/categories?post=20062"},{"taxonomy":"post_tag","embeddable":true,"href":"https:\/\/jm-metropole.com.br\/site\/wp-json\/wp\/v2\/tags?post=20062"}],"curies":[{"name":"wp","href":"https:\/\/api.w.org\/{rel}","templated":true}]}}