{"id":20056,"date":"2024-08-30T07:04:19","date_gmt":"2024-08-30T10:04:19","guid":{"rendered":"https:\/\/jm-metropole.com.br\/site\/?p=20056"},"modified":"2024-08-30T07:04:19","modified_gmt":"2024-08-30T10:04:19","slug":"geral-sobe-para-dez-numero-de-presos-por-queimadas-em-sao-paulo","status":"publish","type":"post","link":"https:\/\/jm-metropole.com.br\/site\/geral-sobe-para-dez-numero-de-presos-por-queimadas-em-sao-paulo\/","title":{"rendered":"Geral Sobe para dez n\u00famero de presos por queimadas em S\u00e3o Paulo"},"content":{"rendered":"<div class=\"row\">\n<h3 class=\"col-10 offset-1 animated fadeInDown dealy-900 display-8 display-md-8 alt-font font-italic my-1 text-center\">Homem ateou fogo em uma lavoura de cana em Pindorama<\/h3>\n<p>A Secretaria de Seguran\u00e7a P\u00fablica de S\u00e3o Paulo (SSP-SP) informou que prendeu,\u00a0nessa quinta-feira (29), o d\u00e9cimo suspeito de envolvimento\u00a0em inc\u00eandio\u00a0no estado desde o \u00faltimo dia 21.<img decoding=\"async\" src=\"https:\/\/agenciabrasil.ebc.com.br\/ebc.png?id=1610023&amp;o=node\" \/><img decoding=\"async\" src=\"https:\/\/agenciabrasil.ebc.com.br\/ebc.gif?id=1610023&amp;o=node\" \/><\/p>\n<p>O homem, de 39 anos, ateou fogo em diversos pontos de uma planta\u00e7\u00e3o de cana na cidade de Pindorama, pr\u00f3xima de S\u00e3o Jos\u00e9 do Rio Preto. O fogo se alastrou por \u00e1rea extensa da lavoura, cen\u00e1rio que tem sido comum devido ao tempo excepcionalmente seco das \u00faltimas semanas. A pris\u00e3o foi em flagrante\u00a0ap\u00f3s os vigilantes de uma empresa perto do local\u00a0chamarem a pol\u00edcia.<\/p>\n<p>Com o homem, foram apreendidos uma bicicleta, um isqueiro, uma caixa de f\u00f3sforos e R$ 158. Em depoimento\u00a0\u00e0 pol\u00edcia, ele disse\u00a0ter usado drogas antes do crime. O homem\u00a0foi encaminhado \u00e0 Cadeia P\u00fablica de Catanduva.<\/p>\n<p>Esse caso e os outros nove\u00a0que resultaram em pris\u00f5es recentes por inc\u00eandio n\u00e3o possuem rela\u00e7\u00e3o\u00a0entre si, segundo a SSP-SP.<\/p>\n<p>A onda de queimadas no estado j\u00e1 tem preju\u00edzo estimado de mais de R$ 1 bilh\u00e3o, segundo o governo estadual. Mais de 7 mil agentes p\u00fablicos trabalharam no combate \u00e0s chamas\u00a0na \u00faltima semana. Duas pessoas morreram\u00a0no combate \u00e0s queimadas.<\/p>\n<p>*Com informa\u00e7\u00f5es de Ag\u00eancia Brasil<\/p>\n<\/div>\n","protected":false},"excerpt":{"rendered":"<p>Homem ateou fogo em uma lavoura de cana em Pindorama A Secretaria de Seguran\u00e7a P\u00fablica de S\u00e3o Paulo (SSP-SP) informou que prendeu,\u00a0nessa quinta-feira (29), o d\u00e9cimo suspeito de envolvimento\u00a0em inc\u00eandio\u00a0no estado desde o \u00faltimo dia 21. O homem, de 39 anos, ateou fogo em diversos pontos de uma planta\u00e7\u00e3o de cana na cidade de Pindorama, [&hellip;]<\/p>\n","protected":false},"author":1,"featured_media":20057,"comment_status":"open","ping_status":"open","sticky":false,"template":"","format":"standard","meta":{"footnotes":""},"categories":[48],"tags":[],"class_list":{"0":"post-20056","1":"post","2":"type-post","3":"status-publish","4":"format-standard","5":"has-post-thumbnail","7":"category-geral"},"_links":{"self":[{"href":"https:\/\/jm-metropole.com.br\/site\/wp-json\/wp\/v2\/posts\/20056","targetHints":{"allow":["GET"]}}],"collection":[{"href":"https:\/\/jm-metropole.com.br\/site\/wp-json\/wp\/v2\/posts"}],"about":[{"href":"https:\/\/jm-metropole.com.br\/site\/wp-json\/wp\/v2\/types\/post"}],"author":[{"embeddable":true,"href":"https:\/\/jm-metropole.com.br\/site\/wp-json\/wp\/v2\/users\/1"}],"replies":[{"embeddable":true,"href":"https:\/\/jm-metropole.com.br\/site\/wp-json\/wp\/v2\/comments?post=20056"}],"version-history":[{"count":1,"href":"https:\/\/jm-metropole.com.br\/site\/wp-json\/wp\/v2\/posts\/20056\/revisions"}],"predecessor-version":[{"id":20058,"href":"https:\/\/jm-metropole.com.br\/site\/wp-json\/wp\/v2\/posts\/20056\/revisions\/20058"}],"wp:featuredmedia":[{"embeddable":true,"href":"https:\/\/jm-metropole.com.br\/site\/wp-json\/wp\/v2\/media\/20057"}],"wp:attachment":[{"href":"https:\/\/jm-metropole.com.br\/site\/wp-json\/wp\/v2\/media?parent=20056"}],"wp:term":[{"taxonomy":"category","embeddable":true,"href":"https:\/\/jm-metropole.com.br\/site\/wp-json\/wp\/v2\/categories?post=20056"},{"taxonomy":"post_tag","embeddable":true,"href":"https:\/\/jm-metropole.com.br\/site\/wp-json\/wp\/v2\/tags?post=20056"}],"curies":[{"name":"wp","href":"https:\/\/api.w.org\/{rel}","templated":true}]}}