{"id":19898,"date":"2024-08-23T12:25:15","date_gmt":"2024-08-23T15:25:15","guid":{"rendered":"https:\/\/jm-metropole.com.br\/site\/?p=19898"},"modified":"2024-08-23T12:25:15","modified_gmt":"2024-08-23T15:25:15","slug":"clebao-e-representantes-da-industria-falam-de-propostas-de-geracao-de-emprego-e-renda","status":"publish","type":"post","link":"https:\/\/jm-metropole.com.br\/site\/clebao-e-representantes-da-industria-falam-de-propostas-de-geracao-de-emprego-e-renda\/","title":{"rendered":"Cleb\u00e3o e representantes da ind\u00fastria falam de propostas de gera\u00e7\u00e3o de emprego e renda"},"content":{"rendered":"<p>Uma das prioridades do plano de governo de Cleb\u00e3o (PL) para Santa Isabel, a gera\u00e7\u00e3o de empregos foi tema de importante encontro nesta quarta-feira, 21. O candidato a prefeito pela coliga\u00e7\u00e3o For\u00e7a Para Vencer, Coragem Para Mudar, se reuniu com o diretor do escrit\u00f3rio de Guarulhos e regi\u00e3o do Centro das Ind\u00fastrias do Estado de S\u00e3o Paulo (CIESP Guarulhos), Mauricio Collin.<\/p>\n<p>Cleb\u00e3o apresentou ao dirigente as propostas para o setor, que visam transformar Santa Isabel em um polo de gera\u00e7\u00e3o de empregos e renda. Ele e Collin discutiram o projeto de um novo polo industrial, que tem potencial para a cria\u00e7\u00e3o de mais de 3 mil empregos diretos. O candidato tamb\u00e9m refor\u00e7ou a import\u00e2ncia de melhorar a infraestrutura da cidade para atrair novas empresas.<\/p>\n<p>De acordo com Cleb\u00e3o, o apoio do CIESP \u00e0s propostas \u00e9 muito importante: \u201cEsse apoio dos representas do setor industrial mostra que estamos no caminho certo, comprometidos em trabalhar para trazer mais desenvolvimento, mais empregos e melhorar a qualidade de vida da nossa popula\u00e7\u00e3o\u201d.<\/p>\n<p><strong>Outras propostas<\/strong><\/p>\n<p>Al\u00e9m da cria\u00e7\u00e3o de um novo polo industrial, Cleb\u00e3o, Man\u00e9 Bombeiro, seu vice, e os partidos que comp\u00f5em a Frente Ampla Uni\u00e3o e Renova\u00e7\u00e3o (PL, PSD, DC, Republicanos, PDT e Mobiliza) vem apresentando aos cidad\u00e3o de Santa Isabel, v\u00e1rias outras propostas para mudar Santa Isabel, no que diz respeito \u00e0 gera\u00e7\u00e3o de emprego e renda.<\/p>\n<p>Entre elas, est\u00e3o a cria\u00e7\u00e3o de um pacote de incentivos fiscais e tribut\u00e1rios para tornar a regi\u00e3o da Rodovia Dutra irresist\u00edvel para novos investidores. O pacote inclui a isen\u00e7\u00e3o de impostos municipais e descontos por v\u00e1rios anos, al\u00e9m da exig\u00eancia de contrata\u00e7\u00e3o de m\u00e3o de obra local.<\/p>\n<p>Outro compromisso \u00e9 o de investir pesado em infraestrutura vital como \u00e1gua, energia, internet e pavimenta\u00e7\u00e3o para transformar \u00e1reas-chave em polos industriais: \u201cTeremos aten\u00e7\u00e3o especial para a regi\u00e3o do entorno das estradas Jerusal\u00e9m da Coreia e Chiquito de Melo, por exemplo\u201d, explicou Cleb\u00e3o, cujo n\u00famero \u00e9 o 22.<\/p>\n<p>O candidato da coliga\u00e7\u00e3o For\u00e7a para Mudar, Coragem para Vencer tamb\u00e9m defende que Santa Isabel seja transformada em um polo tecnol\u00f3gico, oferecendo incentivos irresist\u00edveis para empresas do setor: \u201cNossa localiza\u00e7\u00e3o estrat\u00e9gica pr\u00f3xima a rodovias e aeroportos, junto com vantagens fiscais, vai atrair investimentos e criar empregos de alta qualidade\u201d.<\/p>\n<p>Todas as propostas de Cleb\u00e3o, tanto para o desenvolvimento econ\u00f4mico, quanto para a sa\u00fade, educa\u00e7\u00e3o, seguran\u00e7a e muitos outros setores est\u00e3o dispon\u00edveis para a popula\u00e7\u00e3o pelo link <strong><em>https:\/\/linktr.ee\/Clebao.SantaIsabel<\/em><\/strong> ou no site do candidato: <strong><em>www.clebao22.com.br<\/em><\/strong>.<\/p>\n","protected":false},"excerpt":{"rendered":"<p>Uma das prioridades do plano de governo de Cleb\u00e3o (PL) para Santa Isabel, a gera\u00e7\u00e3o de empregos foi tema de importante encontro nesta quarta-feira, 21. O candidato a prefeito pela coliga\u00e7\u00e3o For\u00e7a Para Vencer, Coragem Para Mudar, se reuniu com o diretor do escrit\u00f3rio de Guarulhos e regi\u00e3o do Centro das Ind\u00fastrias do Estado de [&hellip;]<\/p>\n","protected":false},"author":1,"featured_media":19899,"comment_status":"open","ping_status":"open","sticky":false,"template":"","format":"standard","meta":{"footnotes":""},"categories":[5],"tags":[],"class_list":{"0":"post-19898","1":"post","2":"type-post","3":"status-publish","4":"format-standard","5":"has-post-thumbnail","7":"category-santa-isabel"},"_links":{"self":[{"href":"https:\/\/jm-metropole.com.br\/site\/wp-json\/wp\/v2\/posts\/19898","targetHints":{"allow":["GET"]}}],"collection":[{"href":"https:\/\/jm-metropole.com.br\/site\/wp-json\/wp\/v2\/posts"}],"about":[{"href":"https:\/\/jm-metropole.com.br\/site\/wp-json\/wp\/v2\/types\/post"}],"author":[{"embeddable":true,"href":"https:\/\/jm-metropole.com.br\/site\/wp-json\/wp\/v2\/users\/1"}],"replies":[{"embeddable":true,"href":"https:\/\/jm-metropole.com.br\/site\/wp-json\/wp\/v2\/comments?post=19898"}],"version-history":[{"count":1,"href":"https:\/\/jm-metropole.com.br\/site\/wp-json\/wp\/v2\/posts\/19898\/revisions"}],"predecessor-version":[{"id":19900,"href":"https:\/\/jm-metropole.com.br\/site\/wp-json\/wp\/v2\/posts\/19898\/revisions\/19900"}],"wp:featuredmedia":[{"embeddable":true,"href":"https:\/\/jm-metropole.com.br\/site\/wp-json\/wp\/v2\/media\/19899"}],"wp:attachment":[{"href":"https:\/\/jm-metropole.com.br\/site\/wp-json\/wp\/v2\/media?parent=19898"}],"wp:term":[{"taxonomy":"category","embeddable":true,"href":"https:\/\/jm-metropole.com.br\/site\/wp-json\/wp\/v2\/categories?post=19898"},{"taxonomy":"post_tag","embeddable":true,"href":"https:\/\/jm-metropole.com.br\/site\/wp-json\/wp\/v2\/tags?post=19898"}],"curies":[{"name":"wp","href":"https:\/\/api.w.org\/{rel}","templated":true}]}}