{"id":19895,"date":"2024-08-23T09:49:32","date_gmt":"2024-08-23T12:49:32","guid":{"rendered":"https:\/\/jm-metropole.com.br\/site\/?p=19895"},"modified":"2024-08-23T09:49:32","modified_gmt":"2024-08-23T12:49:32","slug":"dutra-sera-interditada-nos-dois-sentidos","status":"publish","type":"post","link":"https:\/\/jm-metropole.com.br\/site\/dutra-sera-interditada-nos-dois-sentidos\/","title":{"rendered":"Dutra ser\u00e1 interditada nos dois sentidos"},"content":{"rendered":"<p>Dias 23, 24 e 25 agosto<\/p>\n<p>Das 21h \u00e0s 05h<\/p>\n<p>A CCR RioSP informa que entre os dias 23, 24 e 25 de agosto sexta, s\u00e1bado e domingo, realizar\u00e1 interdi\u00e7\u00f5es moment\u00e2neas no tr\u00e1fego nos dois sentidos da Rodovia Dutra na altura do km 227. A interdi\u00e7\u00e3o se faz necess\u00e1ria para continuidade das obras de constru\u00e7\u00e3o dos tr\u00eas novos viadutos de liga\u00e7\u00e3o da Via Dutra com a rodovia Fern\u00e3o Dias. Ser\u00e3o i\u00e7adas as vigas que chegam a pesar 110 toneladas. Para o posicionamento dos guindastes que far\u00e3o o i\u00e7amento das vigas, ser\u00e1 preciso fazer interrup\u00e7\u00f5es no tr\u00e1fego.<\/p>\n","protected":false},"excerpt":{"rendered":"<p>Dias 23, 24 e 25 agosto Das 21h \u00e0s 05h A CCR RioSP informa que entre os dias 23, 24 e 25 de agosto sexta, s\u00e1bado e domingo, realizar\u00e1 interdi\u00e7\u00f5es moment\u00e2neas no tr\u00e1fego nos dois sentidos da Rodovia Dutra na altura do km 227. A interdi\u00e7\u00e3o se faz necess\u00e1ria para continuidade das obras de constru\u00e7\u00e3o [&hellip;]<\/p>\n","protected":false},"author":1,"featured_media":19896,"comment_status":"open","ping_status":"open","sticky":false,"template":"","format":"standard","meta":{"footnotes":""},"categories":[48],"tags":[],"class_list":{"0":"post-19895","1":"post","2":"type-post","3":"status-publish","4":"format-standard","5":"has-post-thumbnail","7":"category-geral"},"_links":{"self":[{"href":"https:\/\/jm-metropole.com.br\/site\/wp-json\/wp\/v2\/posts\/19895","targetHints":{"allow":["GET"]}}],"collection":[{"href":"https:\/\/jm-metropole.com.br\/site\/wp-json\/wp\/v2\/posts"}],"about":[{"href":"https:\/\/jm-metropole.com.br\/site\/wp-json\/wp\/v2\/types\/post"}],"author":[{"embeddable":true,"href":"https:\/\/jm-metropole.com.br\/site\/wp-json\/wp\/v2\/users\/1"}],"replies":[{"embeddable":true,"href":"https:\/\/jm-metropole.com.br\/site\/wp-json\/wp\/v2\/comments?post=19895"}],"version-history":[{"count":1,"href":"https:\/\/jm-metropole.com.br\/site\/wp-json\/wp\/v2\/posts\/19895\/revisions"}],"predecessor-version":[{"id":19897,"href":"https:\/\/jm-metropole.com.br\/site\/wp-json\/wp\/v2\/posts\/19895\/revisions\/19897"}],"wp:featuredmedia":[{"embeddable":true,"href":"https:\/\/jm-metropole.com.br\/site\/wp-json\/wp\/v2\/media\/19896"}],"wp:attachment":[{"href":"https:\/\/jm-metropole.com.br\/site\/wp-json\/wp\/v2\/media?parent=19895"}],"wp:term":[{"taxonomy":"category","embeddable":true,"href":"https:\/\/jm-metropole.com.br\/site\/wp-json\/wp\/v2\/categories?post=19895"},{"taxonomy":"post_tag","embeddable":true,"href":"https:\/\/jm-metropole.com.br\/site\/wp-json\/wp\/v2\/tags?post=19895"}],"curies":[{"name":"wp","href":"https:\/\/api.w.org\/{rel}","templated":true}]}}