{"id":19843,"date":"2024-08-21T10:40:31","date_gmt":"2024-08-21T13:40:31","guid":{"rendered":"https:\/\/jm-metropole.com.br\/site\/?p=19843"},"modified":"2024-08-21T10:40:31","modified_gmt":"2024-08-21T13:40:31","slug":"justica-eleitoral-condena-vereador-de-santa-isabel-por-divulgacao-de-fake-news-contra-candidato-a-prefeitura-clebao","status":"publish","type":"post","link":"https:\/\/jm-metropole.com.br\/site\/justica-eleitoral-condena-vereador-de-santa-isabel-por-divulgacao-de-fake-news-contra-candidato-a-prefeitura-clebao\/","title":{"rendered":"Justi\u00e7a Eleitoral condena vereador de Santa Isabel por divulga\u00e7\u00e3o de fake News contra candidato a prefeitura Cleb\u00e3o"},"content":{"rendered":"<p>De acordo com uma representa\u00e7\u00e3o , formulada pelo PARTIDO LIBERAL- DIRETORIO MUNICIPAL DE SANTA ISABEL (\u201cPL\u201d) e CLEBER VINICIUS KERCHNER, candidato a prefeito de Santa Isabel, contra MARCOS FELIPE DE OLIVEIRA BARBOSA (\u201cMarcos Cannor\u201d), o candidato continua sofrendo propaganda eleitoral negativa pelo representado Marcos Cannor que atribuiu a pecha de \u201ccheirador de p\u00f3\u201d, ao candidato.<\/p>\n<p>A \u00a0atribui\u00e7\u00e3o se fez atrav\u00e9s da veicula\u00e7\u00e3o de um v\u00eddeo fake, com uso de montagem, no qual aparece inicialmente o-candidato \u00e0 Prefeitura de S\u00e3o Paulo Pablo Mar\u00e7al (PRTB), que com um gesto indicou que o alvo de sua pergunta seria usu\u00e1rio de coca\u00edna e, na cena seguinte, aparece uma foto do presidente da representante, sendo clara a correla\u00e7\u00e3o estabelecida entre este com a de usu\u00e1rio de droga.<\/p>\n<p>O v\u00eddeo em quest\u00e3o n\u00e3o apenas revela um crime contra a honra, mas a pecha de ser o representante Cleber \u201ccheirador de p\u00f3\u201d ou sua imagem associada a de um usu\u00e1rio de coca\u00edna configura verdadeira propaganda eleitoral negativa com pedido de n\u00e3o voto, extrapolando, assim, o direito da liberdade de express\u00e3o e manifesta\u00e7\u00e3o, fomentando, ao rev\u00e9s, uma atitude abusiva que ultrapassa o embate pol\u00edtico, trazendo impacto negativo no processo democr\u00e1tico, diz a decis\u00e3o judicial.<\/p>\n<p>Desta forma, a justi\u00e7a eleitoral decidiu que, MARCOS FELIPE DE OLIVEIRA BARBOSA (\u201cMarcos Cannor\u201d), \u00a0foi condenado nos termos do \u00a7 3 \u00ba do artigo 36 da Lei das Elei\u00e7\u00f5es, ao PAGAMENTO DE MULTA QUE FIXO EM R$ 10.000,00 (dez mil reais), justificando a majora\u00e7\u00e3o da multa, n\u00e3o apenas pela reincid\u00eancia (Representa\u00e7\u00e3o n \u00ba 0600083-41.2024.6.26.0115), mas principalmente pelo papel desempenhado pelo representado junto \u00e0 sociedade isabelense, pois exerce mandato eletivo de vereador e al\u00e9m do mal exemplo aos mun\u00edcipes, demonstrou seu descaso para com a Justi\u00e7a Eleitoral, aus\u00eancia de civilidade.<\/p>\n","protected":false},"excerpt":{"rendered":"<p>De acordo com uma representa\u00e7\u00e3o , formulada pelo PARTIDO LIBERAL- DIRETORIO MUNICIPAL DE SANTA ISABEL (\u201cPL\u201d) e CLEBER VINICIUS KERCHNER, candidato a prefeito de Santa Isabel, contra MARCOS FELIPE DE OLIVEIRA BARBOSA (\u201cMarcos Cannor\u201d), o candidato continua sofrendo propaganda eleitoral negativa pelo representado Marcos Cannor que atribuiu a pecha de \u201ccheirador de p\u00f3\u201d, ao candidato. [&hellip;]<\/p>\n","protected":false},"author":1,"featured_media":19844,"comment_status":"open","ping_status":"open","sticky":false,"template":"","format":"standard","meta":{"footnotes":""},"categories":[5],"tags":[],"class_list":{"0":"post-19843","1":"post","2":"type-post","3":"status-publish","4":"format-standard","5":"has-post-thumbnail","7":"category-santa-isabel"},"_links":{"self":[{"href":"https:\/\/jm-metropole.com.br\/site\/wp-json\/wp\/v2\/posts\/19843","targetHints":{"allow":["GET"]}}],"collection":[{"href":"https:\/\/jm-metropole.com.br\/site\/wp-json\/wp\/v2\/posts"}],"about":[{"href":"https:\/\/jm-metropole.com.br\/site\/wp-json\/wp\/v2\/types\/post"}],"author":[{"embeddable":true,"href":"https:\/\/jm-metropole.com.br\/site\/wp-json\/wp\/v2\/users\/1"}],"replies":[{"embeddable":true,"href":"https:\/\/jm-metropole.com.br\/site\/wp-json\/wp\/v2\/comments?post=19843"}],"version-history":[{"count":1,"href":"https:\/\/jm-metropole.com.br\/site\/wp-json\/wp\/v2\/posts\/19843\/revisions"}],"predecessor-version":[{"id":19845,"href":"https:\/\/jm-metropole.com.br\/site\/wp-json\/wp\/v2\/posts\/19843\/revisions\/19845"}],"wp:featuredmedia":[{"embeddable":true,"href":"https:\/\/jm-metropole.com.br\/site\/wp-json\/wp\/v2\/media\/19844"}],"wp:attachment":[{"href":"https:\/\/jm-metropole.com.br\/site\/wp-json\/wp\/v2\/media?parent=19843"}],"wp:term":[{"taxonomy":"category","embeddable":true,"href":"https:\/\/jm-metropole.com.br\/site\/wp-json\/wp\/v2\/categories?post=19843"},{"taxonomy":"post_tag","embeddable":true,"href":"https:\/\/jm-metropole.com.br\/site\/wp-json\/wp\/v2\/tags?post=19843"}],"curies":[{"name":"wp","href":"https:\/\/api.w.org\/{rel}","templated":true}]}}