{"id":19315,"date":"2024-07-29T13:54:59","date_gmt":"2024-07-29T16:54:59","guid":{"rendered":"https:\/\/jm-metropole.com.br\/site\/?p=19315"},"modified":"2024-07-29T13:54:59","modified_gmt":"2024-07-29T16:54:59","slug":"novas-informacoes-sobre-sobre-a-participacao-de-mogi-das-cruzes-no-programa-nacional-de-seguranca","status":"publish","type":"post","link":"https:\/\/jm-metropole.com.br\/site\/novas-informacoes-sobre-sobre-a-participacao-de-mogi-das-cruzes-no-programa-nacional-de-seguranca\/","title":{"rendered":"Novas informa\u00e7\u00f5es sobre sobre a participa\u00e7\u00e3o de Mogi das Cruzes no Programa Nacional de Seguran\u00e7a"},"content":{"rendered":"<p>No \u00faltimo dia 26 de julho, publicamos em nossas redes sociais a mat\u00e9ria &#8220;Ap\u00f3s perder Baep para Suzano, Mogi fica de fora do Programa Nacional de Seguran\u00e7a&#8221;.<\/p>\n<p>Ap\u00f3s contato da Prefeitura Municipal de Mogi das Cruzes, trazendo novas informa\u00e7\u00f5es sobre o assunto abordado e solicitando a inclus\u00e3o das mesmas na mat\u00e9ria, o JM Metr\u00f3pole cumprindo seu papel de compromisso com o jornalismo, com a veracidade das informa\u00e7\u00f5es e com seu p\u00fablico leitor, publica as novas informa\u00e7\u00f5es passadas pela Prefeitura de Mogi das Cruzes.<\/p>\n<p>Seguem portanto as novas informa\u00e7\u00f5es a serem consideradas na mat\u00e9ria &#8220;Ap\u00f3s perder Baep para Suzano, Mogi fica de fora do Programa Nacional de Seguran\u00e7a&#8221;.<\/p>\n<p>1 &#8211; A Guarda Municipal de Mogi das Cruzes participou do PRONASCI em 2023 por meio do edital 05\/2023 de chamamento p\u00fablico para a cria\u00e7\u00e3o e fortalecimento do patrulhamento das rondas escolares, por meio do processo n\u00b008020.002312\/2023-6 onde foi contemplada com duas (02) viaturas, totalizando um valor de R$ 626.812,00.<\/p>\n<p>2 &#8211; Sobre a Bolsa forma\u00e7\u00e3o o Munic\u00edpio est\u00e1 inscrito no Programa Bolsa Forma\u00e7\u00e3o do PRONASCI 2, onde se encontra apto e cadastrado para capacita\u00e7\u00e3o de agentes de seguran\u00e7a.<\/p>\n","protected":false},"excerpt":{"rendered":"<p>No \u00faltimo dia 26 de julho, publicamos em nossas redes sociais a mat\u00e9ria &#8220;Ap\u00f3s perder Baep para Suzano, Mogi fica de fora do Programa Nacional de Seguran\u00e7a&#8221;. Ap\u00f3s contato da Prefeitura Municipal de Mogi das Cruzes, trazendo novas informa\u00e7\u00f5es sobre o assunto abordado e solicitando a inclus\u00e3o das mesmas na mat\u00e9ria, o JM Metr\u00f3pole cumprindo [&hellip;]<\/p>\n","protected":false},"author":1,"featured_media":19316,"comment_status":"open","ping_status":"open","sticky":false,"template":"","format":"standard","meta":{"footnotes":""},"categories":[10],"tags":[],"class_list":{"0":"post-19315","1":"post","2":"type-post","3":"status-publish","4":"format-standard","5":"has-post-thumbnail","7":"category-mogi-das-cruzes"},"_links":{"self":[{"href":"https:\/\/jm-metropole.com.br\/site\/wp-json\/wp\/v2\/posts\/19315","targetHints":{"allow":["GET"]}}],"collection":[{"href":"https:\/\/jm-metropole.com.br\/site\/wp-json\/wp\/v2\/posts"}],"about":[{"href":"https:\/\/jm-metropole.com.br\/site\/wp-json\/wp\/v2\/types\/post"}],"author":[{"embeddable":true,"href":"https:\/\/jm-metropole.com.br\/site\/wp-json\/wp\/v2\/users\/1"}],"replies":[{"embeddable":true,"href":"https:\/\/jm-metropole.com.br\/site\/wp-json\/wp\/v2\/comments?post=19315"}],"version-history":[{"count":1,"href":"https:\/\/jm-metropole.com.br\/site\/wp-json\/wp\/v2\/posts\/19315\/revisions"}],"predecessor-version":[{"id":19317,"href":"https:\/\/jm-metropole.com.br\/site\/wp-json\/wp\/v2\/posts\/19315\/revisions\/19317"}],"wp:featuredmedia":[{"embeddable":true,"href":"https:\/\/jm-metropole.com.br\/site\/wp-json\/wp\/v2\/media\/19316"}],"wp:attachment":[{"href":"https:\/\/jm-metropole.com.br\/site\/wp-json\/wp\/v2\/media?parent=19315"}],"wp:term":[{"taxonomy":"category","embeddable":true,"href":"https:\/\/jm-metropole.com.br\/site\/wp-json\/wp\/v2\/categories?post=19315"},{"taxonomy":"post_tag","embeddable":true,"href":"https:\/\/jm-metropole.com.br\/site\/wp-json\/wp\/v2\/tags?post=19315"}],"curies":[{"name":"wp","href":"https:\/\/api.w.org\/{rel}","templated":true}]}}