{"id":19312,"date":"2024-07-29T10:54:28","date_gmt":"2024-07-29T13:54:28","guid":{"rendered":"https:\/\/jm-metropole.com.br\/site\/?p=19312"},"modified":"2024-07-29T10:54:28","modified_gmt":"2024-07-29T13:54:28","slug":"deficit-primario-em-junho-e-de-r-409-bi-e-fica-em-244-do-pib","status":"publish","type":"post","link":"https:\/\/jm-metropole.com.br\/site\/deficit-primario-em-junho-e-de-r-409-bi-e-fica-em-244-do-pib\/","title":{"rendered":"D\u00e9ficit prim\u00e1rio em junho \u00e9 de R$ 40,9 bi e fica em 2,44% do PIB"},"content":{"rendered":"<div class=\"row\">\n<h3 class=\"col-10 offset-1 animated fadeInDown dealy-900 display-8 display-md-8 alt-font font-italic my-1 text-center\">D\u00edvida L\u00edquida do Setor P\u00fablico \u00e9 de 62,2% do PIB (R$ 6,9 trilh\u00f5es)<\/h3>\n<p>O setor p\u00fablico consolidado teve d\u00e9ficit de R$ 40,9 bilh\u00f5es em junho deste ano. O resultado \u00e9 menor que o saldo negativo de R$ 48,9 bilh\u00f5es observado no mesmo m\u00eas de 2023, informou hoje (29), em Bras\u00edlia, o Banco Central (BC).<img decoding=\"async\" src=\"https:\/\/agenciabrasil.ebc.com.br\/ebc.png?id=1605761&amp;o=node\" \/><img decoding=\"async\" src=\"https:\/\/agenciabrasil.ebc.com.br\/ebc.gif?id=1605761&amp;o=node\" \/><\/p>\n<p>No acumulado de 12 meses, o d\u00e9ficit do setor p\u00fablico consolidado &#8211; que engloba governo federal, os estados, munic\u00edpios e as empresas estatais &#8211;\u00a0foi de R$ 272,2 bilh\u00f5es. O resultado equivale a 2,44% do Produto Interno Bruto (PIB) e \u00e9 0,08 ponto percentual (p.p) inferior ao d\u00e9ficit acumulado dos doze meses at\u00e9 maio.<\/p>\n<p>Em junho, o governo central &#8211; o Tesouro Nacional, a Previd\u00eancia Social e o pr\u00f3prio BC &#8211; e as empresas estatais tiveram d\u00e9ficits respectivos de R$ 40,2 bilh\u00f5es e R$ 1,7 bilh\u00e3o, e os governos regionais, super\u00e1vit de R$ 1,1 bilh\u00e3o.<\/p>\n<p>Em junho, os juros nominais do setor p\u00fablico n\u00e3o financeiro consolidado, apropriados por compet\u00eancia, somaram R$ 94,9 bilh\u00f5es, ante os R$ 40,7 bilh\u00f5es registrados no mesmo m\u00eas de 2023. Essa evolu\u00e7\u00e3o foi influenciada pelo resultado das opera\u00e7\u00f5es de\u00a0<em>swap\u00a0<\/em>cambial (perda de R$ 28,6 bilh\u00f5es em junho de 2024 e ganho de R$ 20,5 bilh\u00f5es em junho de 2023).<\/p>\n<h2>Juros nominais<\/h2>\n<p>No acumulado em doze meses at\u00e9 junho deste ano, os juros nominais alcan\u00e7aram R$ 835,7 bilh\u00f5es (7,48% do PIB), comparativamente a R$ 638,1 bilh\u00f5es (6,06% do PIB) nos doze meses at\u00e9 junho de 2023.<\/p>\n<p>O resultado nominal do setor p\u00fablico consolidado, que inclui o resultado prim\u00e1rio e os juros nominais apropriados, foi deficit\u00e1rio em R$ 135,7 bilh\u00f5es em junho. No acumulado em doze meses, o d\u00e9ficit nominal alcan\u00e7ou 9,92% do PIB, ficando em R$ 1.108 bilh\u00e3o, ante d\u00e9ficit nominal de R$ 1.061,9 bilh\u00e3o (9,56% do PIB) acumulado at\u00e9 maio de 2024.<\/p>\n<p>O BC informou ainda que a D\u00edvida L\u00edquida do Setor P\u00fablico (DLSP) fechou junho em 62,2% do PIB (R$ 6,9 trilh\u00f5es), um aumento de 0,1 p.p do PIB no m\u00eas.<\/p>\n<p>\u201cEsse resultado refletiu os impactos dos juros nominais apropriados (aumento de 0,8 p.p.), do d\u00e9ficit prim\u00e1rio (+0,4 p.p.), da desvaloriza\u00e7\u00e3o cambial de 6,1% no m\u00eas (-0,7 p.p.), e da varia\u00e7\u00e3o do PIB nominal (-0,3 p.p.)\u201d, disse o BC.<\/p>\n<p>No ano, o impacto dos juros nominais, de +4,1 p.p., do reconhecimento de d\u00edvidas (+0,2 p.p.), do efeito do crescimento do PIB nominal (-1,7 p.p.) e do efeito da desvaloriza\u00e7\u00e3o cambial de 14,8% acumulada no ano (-1,6 p.p.) resultou numa eleva\u00e7\u00e3o da DLSP de 1,3 p.p. do PIB.<\/p>\n<h2>D\u00edvida Bruta<\/h2>\n<p>J\u00e1 a D\u00edvida Bruta (DBGG) \u2013 que abrange Governo Federal, INSS e governos estaduais e municipais \u2013 atingiu 77,8% do PIB (R$ 8,7 trilh\u00f5es) em junho de 2024, aumento de 1,1 p.p. do PIB em rela\u00e7\u00e3o ao m\u00eas anterior.<\/p>\n<p>Segundo o BC, esse aumento decorreu principalmente dos juros nominais apropriados (+0,6 p.p.), das emiss\u00f5es l\u00edquidas (+0,6 p.p.), do efeito da desvaloriza\u00e7\u00e3o cambial (+0,3 p.p.), e da varia\u00e7\u00e3o do PIB nominal (-0,4 p.p.).<\/p>\n<p>\u201cNo ano, o aumento de 3,4 p.p. do PIB resulta, sobretudo, da incorpora\u00e7\u00e3o de juros nominais (+3,8 p.p.), da emiss\u00e3o l\u00edquida de d\u00edvida (+0,9 p.p.), da desvaloriza\u00e7\u00e3o cambial (+0,6 p.p.) e do crescimento do PIB nominal (-2,1 p.p.)\u201d, informou o Banco Central.<\/p>\n<p>*Com informa\u00e7\u00f5es de Ag\u00eancia Brasil<\/p>\n<\/div>\n","protected":false},"excerpt":{"rendered":"<p>D\u00edvida L\u00edquida do Setor P\u00fablico \u00e9 de 62,2% do PIB (R$ 6,9 trilh\u00f5es) O setor p\u00fablico consolidado teve d\u00e9ficit de R$ 40,9 bilh\u00f5es em junho deste ano. O resultado \u00e9 menor que o saldo negativo de R$ 48,9 bilh\u00f5es observado no mesmo m\u00eas de 2023, informou hoje (29), em Bras\u00edlia, o Banco Central (BC). No [&hellip;]<\/p>\n","protected":false},"author":1,"featured_media":19313,"comment_status":"open","ping_status":"open","sticky":false,"template":"","format":"standard","meta":{"footnotes":""},"categories":[1],"tags":[],"class_list":{"0":"post-19312","1":"post","2":"type-post","3":"status-publish","4":"format-standard","5":"has-post-thumbnail","7":"category-tudo"},"_links":{"self":[{"href":"https:\/\/jm-metropole.com.br\/site\/wp-json\/wp\/v2\/posts\/19312","targetHints":{"allow":["GET"]}}],"collection":[{"href":"https:\/\/jm-metropole.com.br\/site\/wp-json\/wp\/v2\/posts"}],"about":[{"href":"https:\/\/jm-metropole.com.br\/site\/wp-json\/wp\/v2\/types\/post"}],"author":[{"embeddable":true,"href":"https:\/\/jm-metropole.com.br\/site\/wp-json\/wp\/v2\/users\/1"}],"replies":[{"embeddable":true,"href":"https:\/\/jm-metropole.com.br\/site\/wp-json\/wp\/v2\/comments?post=19312"}],"version-history":[{"count":1,"href":"https:\/\/jm-metropole.com.br\/site\/wp-json\/wp\/v2\/posts\/19312\/revisions"}],"predecessor-version":[{"id":19314,"href":"https:\/\/jm-metropole.com.br\/site\/wp-json\/wp\/v2\/posts\/19312\/revisions\/19314"}],"wp:featuredmedia":[{"embeddable":true,"href":"https:\/\/jm-metropole.com.br\/site\/wp-json\/wp\/v2\/media\/19313"}],"wp:attachment":[{"href":"https:\/\/jm-metropole.com.br\/site\/wp-json\/wp\/v2\/media?parent=19312"}],"wp:term":[{"taxonomy":"category","embeddable":true,"href":"https:\/\/jm-metropole.com.br\/site\/wp-json\/wp\/v2\/categories?post=19312"},{"taxonomy":"post_tag","embeddable":true,"href":"https:\/\/jm-metropole.com.br\/site\/wp-json\/wp\/v2\/tags?post=19312"}],"curies":[{"name":"wp","href":"https:\/\/api.w.org\/{rel}","templated":true}]}}