{"id":19297,"date":"2024-07-29T06:46:36","date_gmt":"2024-07-29T09:46:36","guid":{"rendered":"https:\/\/jm-metropole.com.br\/site\/?p=19297"},"modified":"2024-07-29T06:46:36","modified_gmt":"2024-07-29T09:46:36","slug":"coligacao-meu-partido-e-aruja-lanca-camargo-a-reeleicao-com-rodolfo-machado-vice","status":"publish","type":"post","link":"https:\/\/jm-metropole.com.br\/site\/coligacao-meu-partido-e-aruja-lanca-camargo-a-reeleicao-com-rodolfo-machado-vice\/","title":{"rendered":"Coliga\u00e7\u00e3o &#8221;Meu Partido \u00e9 Aruj\u00e1&#8221; lan\u00e7a Camargo \u00e0 reelei\u00e7\u00e3o com Rodolfo Machado vice"},"content":{"rendered":"<p>&#8220;Sempre disse que meu partido \u00e9 Aruj\u00e1, porque sozinhos n\u00e3o fazemos nada, e \u00e9 por causa disso que tem dado certo. Mas ainda h\u00e1 muito o que fazer. Temos muitos outros cap\u00edtulos para escrever na hist\u00f3ria de Aruj\u00e1&#8221;, disse Luis Camargo (PSD), o Dr Camargo, ao lado da primeira-dama Clau Camargo e o pr\u00e9-candidato a vice Rodolfo Machado (PL), durante a Conven\u00e7\u00e3o realizada na manh\u00e3 deste s\u00e1bado (27) na Associa\u00e7\u00e3o Cultural Kaikan, no Jordan\u00f3polis, que reuniu mais de mil pessoas.<\/p>\n<p>Aclamado pelo p\u00fablico presente, como os 134 pr\u00e9-candidatos ao Legislativo arujaense, popula\u00e7\u00e3o e representantes dos dez partidos coligados \u00e0 chapa majorit\u00e1ria, Camargo, que \u00e9 prefeito, firmou sua pr\u00e9-candidatura \u00e0 reelei\u00e7\u00e3o e a de seu pr\u00e9-candidato a vice, bem como os nomes que concorrer\u00e3o na chapa de vereadores. No palco, al\u00e9m de Clau Camargo e da esposa de Rodolfo, Larissa Moya, tamb\u00e9m marcaram presen\u00e7a o secret\u00e1rio estadual de Viagens e Turismo, Roberto de Lucena, e o deputado estadual Jorge Wilson, o Xerife do Consumidor.<\/p>\n<p>Em uma clara demonstra\u00e7\u00e3o de apoio maci\u00e7o, v\u00e1rias autoridades pol\u00edticas enviaram mensagens, exibidas em um tel\u00e3o, como o vice-governador Fel\u00edcio Ramuth, o presidente nacional do PSD, Gilberto Kassab, o presidente nacional do PL, Valdemar Costa Neto, o Boy, o presidente da Assembleia Legislativa do Estado de S\u00e3o Paulo, Andr\u00e9 do Prado (PL), deputados federais M\u00e1rcio Alvino (PL), Saulo Pedroso (PSD), e os estaduais M\u00e1rcio Nakashima (PDT) e Caio Fran\u00e7a (PSB).<\/p>\n<p>Em seu discurso, Camargo ressaltou o papel fundamental do servidor, que \u00e9, literalmente, &#8220;servir a popula\u00e7\u00e3o&#8221;, destacando o compromisso da alian\u00e7a para com o munic\u00edpio. Ele relembrou ainda, emocionado, as suas origens e in\u00edcio da trajet\u00f3ria pol\u00edtica. &#8220;Uma vez que entramos na vida p\u00fablica, h\u00e1 que se ter em mente que o objetivo tem que ser sempre melhorar a vida das pessoas e fazer a diferen\u00e7a, sen\u00e3o n\u00e3o h\u00e1 sentido em nada do que fazemos. S\u00e3o anos de muito trabalho e ainda h\u00e1 muito o que ser feito&#8221;, ressaltou.<\/p>\n<p>Clau Camargo tamb\u00e9m discursou em apoio \u00e0s 47 pr\u00e9-candidatas ao Legislativo pela coliga\u00e7\u00e3o e enalteceu a participa\u00e7\u00e3o do p\u00fablico feminino no processo eleitoral. &#8220;A presen\u00e7a da mulher \u00e9 cada vez mais importante, porque a pol\u00edtica tem o poder da transforma\u00e7\u00e3o social&#8221;, pontuou.<\/p>\n<p>Rodolfo Machado, que teve sua pr\u00e9-candidatura anunciada como vice de Camargo, comentou a experi\u00eancia quando foi secret\u00e1rio de Servi\u00e7os de Aruj\u00e1 e o conhecimento sobre as necessidades da popula\u00e7\u00e3o, por percorrer todos os cantos da cidade. Ele refor\u00e7ou que veio para somar e unir for\u00e7as em prol da qualidade de vida da popula\u00e7\u00e3o. &#8220;Para mim \u00e9 uma honra fazer parte desse time. E eu carrego comigo as palavras que o Dr Camargo me disse uma vez: de que, sempre que tivermos que tomar uma decis\u00e3o \u00e9 preciso, primeiro, se colocar no lugar das pessoas. Para mim, esse \u00e9 um governo da empatia&#8221;, finalizou.<\/p>\n<p>Biografia Rodolfo Machado<\/p>\n<p>Casado com Larissa Moya, pai de dois meninos, h\u00e1 24 anos atuando no Poder P\u00fablico, Rodolfo Machado \u00e9 graduado em Gest\u00e3o em Servi\u00e7os P\u00fablicos e Educa\u00e7\u00e3o F\u00edsica, tem 43 anos de idade e j\u00e1 passou por diversos setores como chefe de gabinete de vereador na C\u00e2mara Municipal de Guarulhos (2007 a 2009) e assessor de gabinete no Legislativo (2001 a 2005), diretor de Esporte na Prefeitura (2006 a 2007), secret\u00e1rio-adjunto de Desenvolvimento Urbano na Prefeitura (2009 a 2016), assessor legislativo na Assembleia Legislativa do Estado de S\u00e3o Paulo e na Prodesp, no Poupatempo do Estado de S\u00e3o Paulo, como gestor de unidade (2019 a 2020).<\/p>\n<p>Participou tamb\u00e9m do Semin\u00e1rio de Estrat\u00e9gias de Campanhas Eleitorais pela The George Washington University \u2013 EUA e Observador do Minist\u00e9rio do Esporte do Campeonato Mundial Universit\u00e1rio em Belgrado \u2013 S\u00e9rvia. Como secret\u00e1rio de Servi\u00e7os de Aruj\u00e1 teve como destaque os trabalhos de zeladoria e diversas benfeitorias na cidade, incluindo v\u00e1rias obras de grande relev\u00e2ncia no munic\u00edpio.<\/p>\n","protected":false},"excerpt":{"rendered":"<p>&#8220;Sempre disse que meu partido \u00e9 Aruj\u00e1, porque sozinhos n\u00e3o fazemos nada, e \u00e9 por causa disso que tem dado certo. Mas ainda h\u00e1 muito o que fazer. Temos muitos outros cap\u00edtulos para escrever na hist\u00f3ria de Aruj\u00e1&#8221;, disse Luis Camargo (PSD), o Dr Camargo, ao lado da primeira-dama Clau Camargo e o pr\u00e9-candidato a [&hellip;]<\/p>\n","protected":false},"author":1,"featured_media":19298,"comment_status":"open","ping_status":"open","sticky":false,"template":"","format":"standard","meta":{"footnotes":""},"categories":[4],"tags":[],"class_list":{"0":"post-19297","1":"post","2":"type-post","3":"status-publish","4":"format-standard","5":"has-post-thumbnail","7":"category-aruja"},"_links":{"self":[{"href":"https:\/\/jm-metropole.com.br\/site\/wp-json\/wp\/v2\/posts\/19297","targetHints":{"allow":["GET"]}}],"collection":[{"href":"https:\/\/jm-metropole.com.br\/site\/wp-json\/wp\/v2\/posts"}],"about":[{"href":"https:\/\/jm-metropole.com.br\/site\/wp-json\/wp\/v2\/types\/post"}],"author":[{"embeddable":true,"href":"https:\/\/jm-metropole.com.br\/site\/wp-json\/wp\/v2\/users\/1"}],"replies":[{"embeddable":true,"href":"https:\/\/jm-metropole.com.br\/site\/wp-json\/wp\/v2\/comments?post=19297"}],"version-history":[{"count":1,"href":"https:\/\/jm-metropole.com.br\/site\/wp-json\/wp\/v2\/posts\/19297\/revisions"}],"predecessor-version":[{"id":19299,"href":"https:\/\/jm-metropole.com.br\/site\/wp-json\/wp\/v2\/posts\/19297\/revisions\/19299"}],"wp:featuredmedia":[{"embeddable":true,"href":"https:\/\/jm-metropole.com.br\/site\/wp-json\/wp\/v2\/media\/19298"}],"wp:attachment":[{"href":"https:\/\/jm-metropole.com.br\/site\/wp-json\/wp\/v2\/media?parent=19297"}],"wp:term":[{"taxonomy":"category","embeddable":true,"href":"https:\/\/jm-metropole.com.br\/site\/wp-json\/wp\/v2\/categories?post=19297"},{"taxonomy":"post_tag","embeddable":true,"href":"https:\/\/jm-metropole.com.br\/site\/wp-json\/wp\/v2\/tags?post=19297"}],"curies":[{"name":"wp","href":"https:\/\/api.w.org\/{rel}","templated":true}]}}