{"id":19268,"date":"2024-07-26T13:45:49","date_gmt":"2024-07-26T16:45:49","guid":{"rendered":"https:\/\/jm-metropole.com.br\/site\/?p=19268"},"modified":"2024-07-26T13:45:49","modified_gmt":"2024-07-26T16:45:49","slug":"nesse-domingo-nao-percam-o-ii-encontro-anual-de-antiguidades-de-aruja-uma-viagem-no-tempo-com-veiculos-da-decada-de-40-e-muito-mais","status":"publish","type":"post","link":"https:\/\/jm-metropole.com.br\/site\/nesse-domingo-nao-percam-o-ii-encontro-anual-de-antiguidades-de-aruja-uma-viagem-no-tempo-com-veiculos-da-decada-de-40-e-muito-mais\/","title":{"rendered":"NESSE DOMINGO! N\u00c3O PERCAM O \u201cII ENCONTRO ANUAL DE ANTIGUIDADES DE ARUJ\u00c1\u201d: UMA VIAGEM NO TEMPO COM VE\u00cdCULOS DA D\u00c9CADA DE 40 E MUITO MAIS"},"content":{"rendered":"<p>Convidamos todos a participar do II Encontro Anual de Antiguidades de Aruj\u00e1, que ser\u00e1 realizado no pr\u00f3ximo domingo, 28 de julho, a partir das 8h, na Pra\u00e7a de Eventos de Aruj\u00e1 (local da Festa da Cidade), situada no in\u00edcio da Estrada PL, no bairro Pirituba.<\/p>\n<p>Este evento \u00e9 uma oportunidade \u00fanica para toda a fam\u00edlia apreciar uma exposi\u00e7\u00e3o de ve\u00edculos antigos e outras preciosidades que s\u00e3o verdadeiras rel\u00edquias hist\u00f3ricas. \u00c9 um momento de reviver mem\u00f3rias, conhecer hist\u00f3rias fascinantes e celebrar a preserva\u00e7\u00e3o de nossa heran\u00e7a cultural e automobil\u00edstica.<\/p>\n<p>Ao visitar o Encontro, voc\u00ea ter\u00e1 a chance de ver de perto carros cl\u00e1ssicos que marcaram \u00e9poca, al\u00e9m de outras pe\u00e7as antigas dignas de museu. Essas antiguidades n\u00e3o apenas nos remetem a um passado cheio de charme e eleg\u00e2ncia, mas tamb\u00e9m nos lembram da import\u00e2ncia de preservar a mem\u00f3ria e o patrim\u00f4nio hist\u00f3rico.<\/p>\n<p>Venha prestigiar, aprender e se encantar com a riqueza das hist\u00f3rias que cada ve\u00edculo e objeto carrega. Este evento \u00e9 uma verdadeira viagem no tempo e uma celebra\u00e7\u00e3o das nossas mem\u00f3rias.<\/p>\n<p>\ud83d\udcc5 *Domingo, 28 de julho*<br \/>\n\ud83d\udd57 *Hor\u00e1rio:* A partir das 8h<br \/>\n\ud83d\udccd *Local:* Pra\u00e7a de Eventos de Aruj\u00e1, in\u00edcio da Estrada PL, bairro Pirituba<\/p>\n","protected":false},"excerpt":{"rendered":"<p>Convidamos todos a participar do II Encontro Anual de Antiguidades de Aruj\u00e1, que ser\u00e1 realizado no pr\u00f3ximo domingo, 28 de julho, a partir das 8h, na Pra\u00e7a de Eventos de Aruj\u00e1 (local da Festa da Cidade), situada no in\u00edcio da Estrada PL, no bairro Pirituba. Este evento \u00e9 uma oportunidade \u00fanica para toda a fam\u00edlia [&hellip;]<\/p>\n","protected":false},"author":1,"featured_media":19269,"comment_status":"open","ping_status":"open","sticky":false,"template":"","format":"standard","meta":{"footnotes":""},"categories":[4],"tags":[],"class_list":{"0":"post-19268","1":"post","2":"type-post","3":"status-publish","4":"format-standard","5":"has-post-thumbnail","7":"category-aruja"},"_links":{"self":[{"href":"https:\/\/jm-metropole.com.br\/site\/wp-json\/wp\/v2\/posts\/19268","targetHints":{"allow":["GET"]}}],"collection":[{"href":"https:\/\/jm-metropole.com.br\/site\/wp-json\/wp\/v2\/posts"}],"about":[{"href":"https:\/\/jm-metropole.com.br\/site\/wp-json\/wp\/v2\/types\/post"}],"author":[{"embeddable":true,"href":"https:\/\/jm-metropole.com.br\/site\/wp-json\/wp\/v2\/users\/1"}],"replies":[{"embeddable":true,"href":"https:\/\/jm-metropole.com.br\/site\/wp-json\/wp\/v2\/comments?post=19268"}],"version-history":[{"count":1,"href":"https:\/\/jm-metropole.com.br\/site\/wp-json\/wp\/v2\/posts\/19268\/revisions"}],"predecessor-version":[{"id":19270,"href":"https:\/\/jm-metropole.com.br\/site\/wp-json\/wp\/v2\/posts\/19268\/revisions\/19270"}],"wp:featuredmedia":[{"embeddable":true,"href":"https:\/\/jm-metropole.com.br\/site\/wp-json\/wp\/v2\/media\/19269"}],"wp:attachment":[{"href":"https:\/\/jm-metropole.com.br\/site\/wp-json\/wp\/v2\/media?parent=19268"}],"wp:term":[{"taxonomy":"category","embeddable":true,"href":"https:\/\/jm-metropole.com.br\/site\/wp-json\/wp\/v2\/categories?post=19268"},{"taxonomy":"post_tag","embeddable":true,"href":"https:\/\/jm-metropole.com.br\/site\/wp-json\/wp\/v2\/tags?post=19268"}],"curies":[{"name":"wp","href":"https:\/\/api.w.org\/{rel}","templated":true}]}}