{"id":19265,"date":"2024-07-26T10:55:15","date_gmt":"2024-07-26T13:55:15","guid":{"rendered":"https:\/\/jm-metropole.com.br\/site\/?p=19265"},"modified":"2024-07-26T10:55:15","modified_gmt":"2024-07-26T13:55:15","slug":"tiro-com-arco-brasil-fatura-vaga-de-duplas-mistas-na-estreia-em-paris","status":"publish","type":"post","link":"https:\/\/jm-metropole.com.br\/site\/tiro-com-arco-brasil-fatura-vaga-de-duplas-mistas-na-estreia-em-paris\/","title":{"rendered":"Tiro com arco: Brasil fatura vaga de duplas mistas na estreia em Paris"},"content":{"rendered":"<div class=\"row\">\n<h3 class=\"col-10 offset-1 animated fadeInDown dealy-900 display-8 display-md-8 alt-font font-italic my-1 text-center\">Marcus D&#8221;Almeida e Ana Caetano somaram pontos na classificat\u00f3ria<\/h3>\n<p>Primeiros atletas brasileiros a estrear na Olimp\u00edada de Paris, os arqueiros Marcus Vin\u00edcius Almeida e Ana Luiza Caetano somaram pontos suficientes na fase classificat\u00f3ria (ranqueamento) para assegurarem presen\u00e7a do pa\u00eds na disputa de duplas mistas do tiro com arco. N\u00famero 1 do ranking mundial, Marcus somou 673 pontos no arco individual (17\u00ba lugar) e Ana Lu\u00edza 660 pontos (19\u00ba ) nas provas realizadas na Esplanada des Invalides A dupla nacional ficou na 10\u00aa posi\u00e7\u00e3o entre as 16 que disputar\u00e3o as mistas.<\/p>\n<blockquote><p>\u201cO principal era classificar a equipe mista, que foi o que a gente fez. Agora \u00e9 seguir o plano, intensificar os treinamentos tamb\u00e9m para o misto. Estamos prontos, sabemos o que precisamos fazer na hora. Agora \u00e9 ter calma e trabalhar bem at\u00e9 o dia da prova\u201d, projetou Marcus, que competiu \u00e0 tarde quando os term\u00f4metros em Paris mostravam 35 graus.<\/p><\/blockquote>\n<p>No in\u00edcio deste ano, Marcus D&#8217;Almeida, nascido em Maric\u00e1 (RJ), foi\u00a0<a href=\"https:\/\/agenciabrasil.ebc.com.br\/esportes\/noticia\/2024-02\/tiro-com-arco-marcus-dalmeida-e-eleito-melhor-arqueiro-do-mundo\"><strong>eleito o melhor arqueiro do mundo de 2023,\u00a0 pela World Archery,<\/strong><\/a> a federa\u00e7\u00e3o internacional da modalidade. Nesta quinta (25) em Paris, al\u00e9m do calor, Marcus\u00a0driblar tamb\u00e9m a instabilidade do vento, que variou\u00a0de forma lateral e frontal, segundo ele.\u00a0Das 72 flechas que disparou , sete foram direto ao alvo e 28 na \u00e1rea dos 10 pontos. Tamb\u00e9m acertou 34 vezes na zona dos nove pontos e s\u00f3 tr\u00eas na de oito pontos. Em primeiro lugar no ranqueamento ficou o sul-coreano Kim Woojin, com 686 pontos.<\/p>\n<div class=\"dnd-widget-wrapper context-cheio_8colunas type-image\">\n<div class=\"dnd-caption-wrapper\">\n<div class=\"meta\">\u00a0Ana Luiza Caetano disputar\u00e1 as eliminat\u00f3rias das duplas mistas ao lado de\u00a0Marcus D&#8217;Almeida no pr\u00f3ximo dia 2 de agosto, a partir das 5h46 (hor\u00e1rio de Bras\u00edlia &#8211;\u00a0<strong>Miriam Jeske\/COB\/Direitos Reservados<\/strong><\/div>\n<\/div>\n<\/div>\n<p>Na pr\u00f3xima ter\u00e7a (30), Ana Lu\u00edza competir\u00e1 na disputa individual feminina a partir das 7h (hor\u00e1rio de Bras\u00edlia) e Marcus na masculina com in\u00edcio \u00e0s 8h (hor\u00e1rio de Bras\u00edlia). As eliminat\u00f3rias das duplas mistas ocorrer\u00e3o a partir das 5h46 de 2 de agosto.<\/p>\n<p>*Com informa\u00e7\u00f5es de Ag\u00eancia Brasil<\/p>\n<\/div>\n","protected":false},"excerpt":{"rendered":"<p>Marcus D&#8221;Almeida e Ana Caetano somaram pontos na classificat\u00f3ria Primeiros atletas brasileiros a estrear na Olimp\u00edada de Paris, os arqueiros Marcus Vin\u00edcius Almeida e Ana Luiza Caetano somaram pontos suficientes na fase classificat\u00f3ria (ranqueamento) para assegurarem presen\u00e7a do pa\u00eds na disputa de duplas mistas do tiro com arco. N\u00famero 1 do ranking mundial, Marcus somou [&hellip;]<\/p>\n","protected":false},"author":1,"featured_media":19266,"comment_status":"open","ping_status":"open","sticky":false,"template":"","format":"standard","meta":{"footnotes":""},"categories":[12],"tags":[],"class_list":{"0":"post-19265","1":"post","2":"type-post","3":"status-publish","4":"format-standard","5":"has-post-thumbnail","7":"category-esporte"},"_links":{"self":[{"href":"https:\/\/jm-metropole.com.br\/site\/wp-json\/wp\/v2\/posts\/19265","targetHints":{"allow":["GET"]}}],"collection":[{"href":"https:\/\/jm-metropole.com.br\/site\/wp-json\/wp\/v2\/posts"}],"about":[{"href":"https:\/\/jm-metropole.com.br\/site\/wp-json\/wp\/v2\/types\/post"}],"author":[{"embeddable":true,"href":"https:\/\/jm-metropole.com.br\/site\/wp-json\/wp\/v2\/users\/1"}],"replies":[{"embeddable":true,"href":"https:\/\/jm-metropole.com.br\/site\/wp-json\/wp\/v2\/comments?post=19265"}],"version-history":[{"count":1,"href":"https:\/\/jm-metropole.com.br\/site\/wp-json\/wp\/v2\/posts\/19265\/revisions"}],"predecessor-version":[{"id":19267,"href":"https:\/\/jm-metropole.com.br\/site\/wp-json\/wp\/v2\/posts\/19265\/revisions\/19267"}],"wp:featuredmedia":[{"embeddable":true,"href":"https:\/\/jm-metropole.com.br\/site\/wp-json\/wp\/v2\/media\/19266"}],"wp:attachment":[{"href":"https:\/\/jm-metropole.com.br\/site\/wp-json\/wp\/v2\/media?parent=19265"}],"wp:term":[{"taxonomy":"category","embeddable":true,"href":"https:\/\/jm-metropole.com.br\/site\/wp-json\/wp\/v2\/categories?post=19265"},{"taxonomy":"post_tag","embeddable":true,"href":"https:\/\/jm-metropole.com.br\/site\/wp-json\/wp\/v2\/tags?post=19265"}],"curies":[{"name":"wp","href":"https:\/\/api.w.org\/{rel}","templated":true}]}}