{"id":19262,"date":"2024-07-26T10:51:51","date_gmt":"2024-07-26T13:51:51","guid":{"rendered":"https:\/\/jm-metropole.com.br\/site\/?p=19262"},"modified":"2024-07-26T10:51:51","modified_gmt":"2024-07-26T13:51:51","slug":"escolas-de-samba-se-despedem-da-carnavalesca-rosa-magalhaes","status":"publish","type":"post","link":"https:\/\/jm-metropole.com.br\/site\/escolas-de-samba-se-despedem-da-carnavalesca-rosa-magalhaes\/","title":{"rendered":"Escolas de samba se despedem da carnavalesca Rosa Magalh\u00e3es"},"content":{"rendered":"<div class=\"row\">\n<h3 class=\"col-10 offset-1 animated fadeInDown dealy-900 display-8 display-md-8 alt-font font-italic my-1 text-center\">Artista morre, no Rio, aos 77 anos<\/h3>\n<p>Escolas de samba e personalidades prestam homenagens para a carnavalesca Rosa Magalh\u00e3es, dona de sete t\u00edtulos do carnaval carioca. Ela morreu, no Rio de Janeiro, na noite dessa quinta-feira (25), aos 77 anos. A confirma\u00e7\u00e3o foi feita pela escola de samba Imp\u00e9rio Serrano, pela qual Rosa foi campe\u00e3 em 1982.\u00a0<img decoding=\"async\" src=\"https:\/\/agenciabrasil.ebc.com.br\/ebc.png?id=1605470&amp;o=node\" \/><img decoding=\"async\" src=\"https:\/\/agenciabrasil.ebc.com.br\/ebc.gif?id=1605470&amp;o=node\" \/><\/p>\n<p>\u201cCom tristeza, a Imp\u00e9rio Serrano recebeu a not\u00edcia do falecimento da carnavalesca Rosa Magalh\u00e3es, aos 77 anos, nesta noite\u201d, informou a escola.<\/p>\n<p>\u201cFica aqui a nossa gratid\u00e3o por tudo que voc\u00ea, Rosa, fez pelo carnaval, pela contribui\u00e7\u00e3o \u00e0 nossa hist\u00f3ria e \u00e0 arte\u201d, completa a agremia\u00e7\u00e3o.<\/p>\n<p>O vel\u00f3rio ser\u00e1 aberto ao p\u00fablico no Pal\u00e1cio da Cidade, sede da prefeitura do Rio, em Botafogo, das 12h \u00e0s 16h30. O sepultamento ser\u00e1 restrito a familiares e amigos, no cemit\u00e9rio S\u00e3o Jo\u00e3o Batista, tamb\u00e9m em Botafogo, \u00e0s 17h.<\/p>\n<p>Rosa tinha mais de 50 anos dedicado \u00e0 arte. A Liga Independente das Escolas de Samba do Rio de Janeiro (Liesa), ao lamentar a morte, afirmou que Rosa Magalh\u00e3es \u201cfez hist\u00f3ria\u201d no carnaval.<\/p>\n<p>O t\u00edtulo de 1982 com o Imp\u00e9rio Serrano fez o enredo \u201cBum Bum Paticumbum Prugurundum\u201d figurar entre um dos mais famosos do carnaval carioca.<\/p>\n<p>Na Imperatriz Leopoldinense, a amante do carnaval conseguiu fazer a escola atingir a supremacia por anos seguidos. Conquistou o bicampeonato de 1994 e 1995 e o tricampeonato de 1999, 2000 e 2001.<\/p>\n<p>\u201cFalar de Rosa Magalh\u00e3es \u00e9 falar da hist\u00f3ria da Imperatriz, tendo em vista que, de sete t\u00edtulos conquistados pela professora, cinco foram em nossa agremia\u00e7\u00e3o\u201d, publicou no X (antigo Twitter), a Imperatriz Leopoldinense.<\/p>\n<p>\u201cNeste momento, faltam palavras para definir a grandeza de Rosa e de toda a sua trajet\u00f3ria n\u00e3o s\u00f3 no carnaval, mas em toda a sua carreira, ao longo dos mais de 50 anos de trabalhos dedicados \u00e0 arte. Rosa promoveu desfiles inesquec\u00edveis aos olhos do p\u00fablico e de toda a cr\u00edtica, e sempre estar\u00e1 marcada por sua eleg\u00e2ncia, pela entrega magistral em seus trabalhos, e, principalmente, por sua brasilidade nas hist\u00f3rias que contou ao longo de todo esse tempo\u201d, completou a Imperatriz Leopoldinense.<\/p>\n<p>O \u00faltimo campeonato da carnavalesca foi em 2013, comandando o carnaval da Unidos de Vila Isabel. \u201cViva Rosa Magalh\u00e3es\u201d, postou nas redes sociais a Vila Isabel ap\u00f3s a not\u00edcia da morte.<\/p>\n<h2>Era Samb\u00f3dromo<\/h2>\n<p>Rosa \u00e9 a maior carnavalesca da Era Samb\u00f3dromo, que come\u00e7ou com a inaugura\u00e7\u00e3o da Passarela do Samba, em 1984. A \u00faltima participa\u00e7\u00e3o dela foi em 2023, na escola Para\u00edso do Tuiuti.<\/p>\n<p>Uma das curiosidades \u00e9 que ela gostava de fazer e participar dos desfiles para, em algumas vezes, se misturar com os componentes, sem necessariamente se fazer perceber. Era uma forma de sentir a evolu\u00e7\u00e3o da escola e a rea\u00e7\u00e3o do p\u00fablico.<\/p>\n<p>Al\u00e9m de levar a magia de fantasias e adere\u00e7os para a Marqu\u00eas de Sapuca\u00ed, Rosa Magalh\u00e3es ditou o espet\u00e1culo de cores e movimentos na cerim\u00f4nia de abertura dos Jogos Pan-Americanos de 2007 e na festa de encerramento das Olimp\u00edadas de 2016, ambas no Rio de Janeiro. A celebra\u00e7\u00e3o de 2007 rendeu \u00e0 carnavalesca o pr\u00eamio Emmy de melhor figurino.<\/p>\n<h2>Uma mente brilhante<\/h2>\n<p>O prefeito do Rio de Janeiro, Eduardo Paes, classificou Rosa como \u201cuma das mentes mais brilhantes da nossa maior manifesta\u00e7\u00e3o cultural [o carnaval].\u201d Ele acrescentou que a hist\u00f3ria da carnavalesca se confunde com a do pr\u00f3prio carnaval. \u201cDe um jeito \u00fanico, ela encantou a todos n\u00f3s com sua capacidade de materializar sonhos na avenida, de contar hist\u00f3rias de um jeito \u00fanico e emocionar quem assistia\u201d, escreveu o prefeito.<\/p>\n<p>O jornalista e escritor F\u00e1bio Fabato, especialista em carnaval, chamou a artista de \u201cmaior fazedora de festas populares\u201d e a equiparou a artistas como Tarsila do Amaral e C\u00e2ndido Portinari.<\/p>\n<p>\u201cAtrav\u00e9s da arte de Rosa Magalh\u00e3es, atrav\u00e9s de suas cria\u00e7\u00f5es, n\u00f3s nos descobrimos mais brasileiros, j\u00e1 que ela foi uma investigadora profunda de causos e curiosidades na nossa cultura que, muitas vezes, os livros did\u00e1ticos n\u00e3o contam\u201d, declarou.<\/p>\n<p>Ele disse que ela se mantinha ativa intelectualmente, escrevia um livro sobre os \u00faltimos carnavais e estava envolvida com uma pe\u00e7a de teatro infantil.<\/p>\n<p>*Com informa\u00e7\u00f5es de Ag\u00eancia Brasil<\/p>\n<\/div>\n","protected":false},"excerpt":{"rendered":"<p>Artista morre, no Rio, aos 77 anos Escolas de samba e personalidades prestam homenagens para a carnavalesca Rosa Magalh\u00e3es, dona de sete t\u00edtulos do carnaval carioca. Ela morreu, no Rio de Janeiro, na noite dessa quinta-feira (25), aos 77 anos. A confirma\u00e7\u00e3o foi feita pela escola de samba Imp\u00e9rio Serrano, pela qual Rosa foi campe\u00e3 [&hellip;]<\/p>\n","protected":false},"author":1,"featured_media":19263,"comment_status":"open","ping_status":"open","sticky":false,"template":"","format":"standard","meta":{"footnotes":""},"categories":[48],"tags":[],"class_list":{"0":"post-19262","1":"post","2":"type-post","3":"status-publish","4":"format-standard","5":"has-post-thumbnail","7":"category-geral"},"_links":{"self":[{"href":"https:\/\/jm-metropole.com.br\/site\/wp-json\/wp\/v2\/posts\/19262","targetHints":{"allow":["GET"]}}],"collection":[{"href":"https:\/\/jm-metropole.com.br\/site\/wp-json\/wp\/v2\/posts"}],"about":[{"href":"https:\/\/jm-metropole.com.br\/site\/wp-json\/wp\/v2\/types\/post"}],"author":[{"embeddable":true,"href":"https:\/\/jm-metropole.com.br\/site\/wp-json\/wp\/v2\/users\/1"}],"replies":[{"embeddable":true,"href":"https:\/\/jm-metropole.com.br\/site\/wp-json\/wp\/v2\/comments?post=19262"}],"version-history":[{"count":1,"href":"https:\/\/jm-metropole.com.br\/site\/wp-json\/wp\/v2\/posts\/19262\/revisions"}],"predecessor-version":[{"id":19264,"href":"https:\/\/jm-metropole.com.br\/site\/wp-json\/wp\/v2\/posts\/19262\/revisions\/19264"}],"wp:featuredmedia":[{"embeddable":true,"href":"https:\/\/jm-metropole.com.br\/site\/wp-json\/wp\/v2\/media\/19263"}],"wp:attachment":[{"href":"https:\/\/jm-metropole.com.br\/site\/wp-json\/wp\/v2\/media?parent=19262"}],"wp:term":[{"taxonomy":"category","embeddable":true,"href":"https:\/\/jm-metropole.com.br\/site\/wp-json\/wp\/v2\/categories?post=19262"},{"taxonomy":"post_tag","embeddable":true,"href":"https:\/\/jm-metropole.com.br\/site\/wp-json\/wp\/v2\/tags?post=19262"}],"curies":[{"name":"wp","href":"https:\/\/api.w.org\/{rel}","templated":true}]}}