{"id":190,"date":"2021-12-13T18:18:56","date_gmt":"2021-12-13T21:18:56","guid":{"rendered":"https:\/\/jm-metropole.com.br\/site\/?p=190"},"modified":"2022-01-03T21:16:17","modified_gmt":"2022-01-04T00:16:17","slug":"sabesp-celebra-avancos-no-abastecimento-e-saneamento-de-guarulhos","status":"publish","type":"post","link":"https:\/\/jm-metropole.com.br\/site\/sabesp-celebra-avancos-no-abastecimento-e-saneamento-de-guarulhos\/","title":{"rendered":"Sabesp celebra avan\u00e7os no abastecimento e saneamento de Guarulhos"},"content":{"rendered":"<p><em>Destaque para implanta\u00e7\u00e3o do Programa \u00c1gua Legal, atualmente em execu\u00e7\u00e3o no bairro S\u00edtio S\u00e3o Francisco<\/em><\/p>\n<p>Na\u00a0 semana em que Guarulhos faz anivers\u00e1rio e \u00e0s v\u00e9speras de completar tr\u00eas anos de atua\u00e7\u00e3o na cidade, a Sabesp apresenta um balan\u00e7o dos\u00a0 servi\u00e7os\u00a0 de\u00a0 saneamento\u00a0 b\u00e1sico realizados no munic\u00edpio. A Companhia assumiu\u00a0 o\u00a0 munic\u00edpio\u00a0 em\u00a0 janeiro de 2019 e acabou com o rod\u00edzio de \u00e1gua, construiu\u00a0 reservat\u00f3rios, investiu em a\u00e7\u00f5es para redu\u00e7\u00e3o de perdas de \u00e1gua e, no momento, est\u00e1 em andamento a implanta\u00e7\u00e3o do Programa \u00c1gua Legal no bairro\u00a0 S\u00edtio\u00a0 S\u00e3o\u00a0 Francisco, que beneficiar\u00e1 4 mil fam\u00edlias, cerca de 16 mil pessoas.<\/p>\n<div>\n<div class=\"nH\">\n<div class=\"nH\">\n<div class=\"nH bkL\">\n<div class=\"no\">\n<div class=\"nH bkK nn\">\n<div class=\"nH\">\n<div class=\"nH\">\n<div class=\"nH ar4 z\">\n<div class=\"aeI\">\n<div class=\"AO\">\n<div id=\":3\" class=\"Tm aeJ\">\n<div id=\":1\" class=\"aeF\">\n<div class=\"nH\">\n<div class=\"nH\" role=\"main\">\n<div class=\"nH g\">\n<p>Em\u00a0 rela\u00e7\u00e3o\u00a0 ao\u00a0 esgotamento\u00a0 sanit\u00e1rio, a Sabesp trabalha, atualmente, na<br \/>\namplia\u00e7\u00e3o da infraestrutura e na constru\u00e7\u00e3o de duas Esta\u00e7\u00f5es de Tratamento<br \/>\nde Esgoto (ETEs).<\/p>\n<p>\u201cTemos\u00a0 muito\u00a0 a\u00a0 comemorar\u00a0 juntos, Sabesp e todos os guarulhenses. Com a<br \/>\nvolta da Companhia ao munic\u00edpio, acabou o rod\u00edzio de abastecimento de \u00e1gua<br \/>\npara\u00a0 o\u00a0 seus\u00a0 1,4\u00a0 milh\u00e3o\u00a0 de\u00a0 habitantes.\u00a0 E\u00a0 estamos\u00a0 trabalhando firme<br \/>\ngarantindo\u00a0 o\u00a0 compromisso\u00a0 de\u00a0 ampliar significativamente o tratamento de<br \/>\nesgoto.\u00a0 O que, al\u00e9m de qualidade de vida para as pessoas, representar\u00e1 um<br \/>\nrio\u00a0 Tiet\u00ea mais limpo\u201d, ressaltou o diretor-presidente da Sabesp, Benedito<br \/>\nBraga.<\/p>\n<p>O\u00a0 Programa\u00a0 \u00c1gua\u00a0 Legal\u00a0 tem\u00a0 como objetivo regularizar liga\u00e7\u00f5es de \u00e1gua,<br \/>\nmediante\u00a0 autoriza\u00e7\u00e3o\u00a0 dos\u00a0 \u00f3rg\u00e3os\u00a0 competentes,\u00a0 substituindo as liga\u00e7\u00f5es<br \/>\nprec\u00e1rias\u00a0 por\u00a0 redes\u00a0 e\u00a0 hidr\u00f4metros\u00a0 que\u00a0 levam \u00e1gua de qualidade at\u00e9 as<br \/>\ntorneiras\u00a0 dos\u00a0 im\u00f3veis\u00a0 das\u00a0 \u00e1reas de alta vulnerabilidade. No momento, a<br \/>\nSabesp\u00a0 realiza a implanta\u00e7\u00e3o das redes no S\u00edtio S\u00e3o Francisco. A previs\u00e3o<br \/>\n\u00e9 que os trabalhos sejam conclu\u00eddos no primeiro semestre de 2022.<\/p>\n<p>Em\u00a0 Guarulhos,\u00a0 os\u00a0 servi\u00e7os\u00a0 do\u00a0 \u00c1gua\u00a0 Legal\u00a0 tamb\u00e9m est\u00e3o previstos para<br \/>\nocorrer\u00a0 nos\u00a0 bairros\u00a0 Tijuco\u00a0 Preto\u00a0 e\u00a0 Jardim Cumbica I. O programa \u00e9 de<br \/>\nextrema\u00a0 import\u00e2ncia\u00a0 para\u00a0 levar sa\u00fade e qualidade de vida \u00e0 popula\u00e7\u00e3o. O<br \/>\n\u00c1gua\u00a0 Legal\u00a0 foi\u00a0 respons\u00e1vel\u00a0 por\u00a0 colocar\u00a0 a\u00a0 Sabesp\u00a0 entre\u00a0 as empresas<br \/>\nvencedoras do pr\u00eamio \u201cCases de Sucesso em \u00c1gua e Saneamento (ODS 6) 2019\u201d,<br \/>\nda\u00a0 Rede\u00a0 Brasil\u00a0 do\u00a0 Pacto\u00a0 Global,\u00a0 iniciativa\u00a0 da\u00a0 ONU que reconhece as<br \/>\nmelhores\u00a0 a\u00e7\u00f5es da \u00e1rea no Brasil e qualifica o debate sobre o Objetivo de<br \/>\nDesenvolvimento Sustent\u00e1vel (ODS) 6 \u2013 \u00c1gua e Saneamento.<\/p>\n<p>A\u00a0 superintendente\u00a0 da\u00a0 Sabesp\u00a0 na regi\u00e3o, Debora Pierini Longo, destaca a<br \/>\ncontinuidade\u00a0 nos trabalhos para garantir \u00e1gua aos moradores, mesmo diante<br \/>\nda\u00a0 pandemia\u00a0 de COVID-19. \u201cIsso se deu em raz\u00e3o do Programa de Redu\u00e7\u00e3o de<br \/>\nPerdas,\u00a0 que\u00a0 conseguiu evitar o desperd\u00edcio de \u00e1gua equivalente ao volume<br \/>\nnecess\u00e1rio\u00a0 para\u00a0 o\u00a0 abastecimento\u00a0 de\u00a0 Mairipor\u00e3 e Caieiras. Esta \u00e9 outra<br \/>\ngrande\u00a0 conquista\u00a0 da Sabesp para a Guarulhos, que hoje tem o mesmo padr\u00e3o<br \/>\nde abastecimento da Capital\u201d, destaca.<\/p>\n<p>Outro\u00a0 destaque\u00a0 est\u00e1\u00a0 relacionado\u00a0 aos servi\u00e7os de esgotamento sanit\u00e1rio.<br \/>\nGra\u00e7as\u00a0 aos\u00a0 trabalhos\u00a0 desenvolvidos,\u00a0 Guarulhos deixou o status de maior<br \/>\npoluidora\u00a0 do\u00a0 Rio\u00a0 Tiet\u00ea.\u00a0 Isso porque a Sabesp ampliou a infraestrutura,<br \/>\nconstruindo\u00a0 mais\u00a0 de\u00a0 136 quil\u00f4metros de redes e de coletores que levam o<br \/>\nesgoto\u00a0 at\u00e9\u00a0 as\u00a0 ETEs\u00a0 S\u00e3o Jo\u00e3o, Bomsucesso e V\u00e1rzea do Pal\u00e1cio e ainda \u00e0s<br \/>\nesta\u00e7\u00f5es\u00a0 de\u00a0 S\u00e3o\u00a0 Miguel e do Parque Novo mundo, que est\u00e3o localizadas na<br \/>\ncapital\u00a0 paulista. Todo esse trabalho possibilitou dobrar a porcentagem do<br \/>\nesgoto\u00a0 tratado\u00a0 na\u00a0 cidade.\u00a0 A\u00a0 Sabesp tamb\u00e9m est\u00e1 construindo duas novas<br \/>\nETEs:\u00a0 do\u00a0 Jardim Fortaleza e do Cabu\u00e7u, que devem ser entregues at\u00e9 2025.<br \/>\nTodo\u00a0 o\u00a0 esfor\u00e7o\u00a0 da Companhia \u00e9 para atingir, at\u00e9 2033, a universaliza\u00e7\u00e3o<br \/>\ndos servi\u00e7os de saneamento.<\/p>\n<p>\u201cO\u00a0 nosso maior desafio, mas tamb\u00e9m a nossa maior vit\u00f3ria em Guarulhos, se<br \/>\ndeu\u00a0 a\u00a0 partir\u00a0 da\u00a0 integra\u00e7\u00e3o\u00a0 dos\u00a0 funcion\u00e1rios\u00a0 da antiga autarquia que<br \/>\ncontrolava\u00a0 a\u00a0 distribui\u00e7\u00e3o\u00a0 de\u00a0 \u00e1gua\u00a0 e o tratamento de esgoto na cidade.<br \/>\nEsses\u00a0 colaboradores,\u00a0 que\u00a0 j\u00e1\u00a0 trabalhavam\u00a0 na\u00a0 cidade,\u00a0 trouxeram muitos<br \/>\nconhecimentos\u00a0 t\u00e9cnicos\u00a0 e\u00a0 pr\u00e1ticos,\u00a0 o\u00a0 que\u00a0 foi\u00a0 fundamental\u00a0 para\u00a0 que<br \/>\npud\u00e9ssemos\u00a0 encontrar\u00a0 as\u00a0 solu\u00e7\u00f5es\u00a0 e realizar investimentos assertivos\u201d,<br \/>\nconcluiu\u00a0 o\u00a0 gerente\u00a0 da Unidade Regional da Sabesp em Guarulhos, Valdemir<br \/>\nViana de Freitas.<\/p>\n<\/div>\n<\/div>\n<\/div>\n<\/div>\n<\/div>\n<\/div>\n<\/div>\n<\/div>\n<\/div>\n<\/div>\n<\/div>\n<\/div>\n<\/div>\n<\/div>\n<\/div>\n<\/div>\n<p>&nbsp;<\/p>\n","protected":false},"excerpt":{"rendered":"<p>Destaque para implanta\u00e7\u00e3o do Programa \u00c1gua Legal, atualmente em execu\u00e7\u00e3o no bairro S\u00edtio S\u00e3o Francisco Na\u00a0 semana em que Guarulhos faz anivers\u00e1rio e \u00e0s v\u00e9speras de completar tr\u00eas anos de atua\u00e7\u00e3o na cidade, a Sabesp apresenta um balan\u00e7o dos\u00a0 servi\u00e7os\u00a0 de\u00a0 saneamento\u00a0 b\u00e1sico realizados no munic\u00edpio. A Companhia assumiu\u00a0 o\u00a0 munic\u00edpio\u00a0 em\u00a0 janeiro de 2019 [&hellip;]<\/p>\n","protected":false},"author":1,"featured_media":194,"comment_status":"open","ping_status":"open","sticky":false,"template":"","format":"standard","meta":{"footnotes":""},"categories":[3],"tags":[],"class_list":{"0":"post-190","1":"post","2":"type-post","3":"status-publish","4":"format-standard","5":"has-post-thumbnail","7":"category-guarulhos"},"_links":{"self":[{"href":"https:\/\/jm-metropole.com.br\/site\/wp-json\/wp\/v2\/posts\/190","targetHints":{"allow":["GET"]}}],"collection":[{"href":"https:\/\/jm-metropole.com.br\/site\/wp-json\/wp\/v2\/posts"}],"about":[{"href":"https:\/\/jm-metropole.com.br\/site\/wp-json\/wp\/v2\/types\/post"}],"author":[{"embeddable":true,"href":"https:\/\/jm-metropole.com.br\/site\/wp-json\/wp\/v2\/users\/1"}],"replies":[{"embeddable":true,"href":"https:\/\/jm-metropole.com.br\/site\/wp-json\/wp\/v2\/comments?post=190"}],"version-history":[{"count":3,"href":"https:\/\/jm-metropole.com.br\/site\/wp-json\/wp\/v2\/posts\/190\/revisions"}],"predecessor-version":[{"id":193,"href":"https:\/\/jm-metropole.com.br\/site\/wp-json\/wp\/v2\/posts\/190\/revisions\/193"}],"wp:featuredmedia":[{"embeddable":true,"href":"https:\/\/jm-metropole.com.br\/site\/wp-json\/wp\/v2\/media\/194"}],"wp:attachment":[{"href":"https:\/\/jm-metropole.com.br\/site\/wp-json\/wp\/v2\/media?parent=190"}],"wp:term":[{"taxonomy":"category","embeddable":true,"href":"https:\/\/jm-metropole.com.br\/site\/wp-json\/wp\/v2\/categories?post=190"},{"taxonomy":"post_tag","embeddable":true,"href":"https:\/\/jm-metropole.com.br\/site\/wp-json\/wp\/v2\/tags?post=190"}],"curies":[{"name":"wp","href":"https:\/\/api.w.org\/{rel}","templated":true}]}}