{"id":18979,"date":"2024-07-16T05:08:15","date_gmt":"2024-07-16T08:08:15","guid":{"rendered":"https:\/\/jm-metropole.com.br\/site\/?p=18979"},"modified":"2024-07-16T05:08:15","modified_gmt":"2024-07-16T08:08:15","slug":"ginastica-ritmica-brasil-e-prata-em-ultima-competicao-antes-de-paris","status":"publish","type":"post","link":"https:\/\/jm-metropole.com.br\/site\/ginastica-ritmica-brasil-e-prata-em-ultima-competicao-antes-de-paris\/","title":{"rendered":"Gin\u00e1stica r\u00edtmica: Brasil \u00e9 prata em \u00faltima competi\u00e7\u00e3o antes de Paris"},"content":{"rendered":"<div class=\"row\">\n<h3 class=\"col-10 offset-1 animated fadeInDown dealy-900 display-8 display-md-8 alt-font font-italic my-1 text-center\">Pa\u00eds volta a competir no domingo na etapa da Rom\u00eania da Copa do Mundo<\/h3>\n<p>A 12 dias da Olimp\u00edada de Paris, a equipe brasileira de gin\u00e1stica r\u00edtmica faturou a medalha de prata na disputa do conjunto geral da etapa da Copa do Mundo em Cluj-Napoca (Rom\u00eania), \u00faltima competi\u00e7\u00e3o antes da abertura dos Jogos. Quem tamb\u00e9m brilhou foi a curitibana B\u00e1rbara Domingos, classificada para as finais dos quatro aparelhos (bola, arco, ma\u00e7as e fita), programadas para ocorrer a partir das 8h (hor\u00e1rio de Bras\u00edlia) deste domingo (14).<\/p>\n<p>O conjunto\u00a0brasileiro, que se autodenomina \u201cLeoas\u201d, \u00e9 formado por Sofia Madeira, D\u00e9borah Medrado, Duda Arakaki, Nicole Pircio e Vict\u00f3ria Borges. O quinteto\u00a0somou 71.850 pontos, ficando atr\u00e1s apenas da campe\u00e3 Bulg\u00e1ria (73.650), uma das principais pot\u00eancias na modalidade. O bronze ficou com de Israel (71.000). A equipe brasileira volta a competir neste domingo (14) nas finais das s\u00e9ries.<\/p>\n<p>\u201cO Brasil chegou. \u00c9 isso. N\u00f3s chegamos, estamos aqui, dissemos a que viemos. Muit\u00edssimo importante esta medalha de prata no geral. E devo dizer que tivemos duas falhas graves, uma em cada s\u00e9rie. Nos cinco arcos, perdemos o valor de uma colabora\u00e7\u00e3o, porque n\u00e3o foi realizada uma passagem de atleta por dentro do arco. Perdemos 0,80 a\u00ed. No misto, uma bola caiu no ch\u00e3o, e fomos penalizadas em 0,50. Tivemos nota alta no geral porque fizemos ajustes. Elevamos o grau de dificuldade na s\u00e9rie de arcos. Colocamos na cabe\u00e7a que, na Olimp\u00edada, todos os advers\u00e1rios v\u00e3o acertar tudo. E a\u00ed o que decidir\u00e1 ser\u00e1 o n\u00edvel de dificuldade\u201d, analisou Camila Ferezin, treinadora do conjunto brasileiro.<\/p>\n<p>O s\u00e1bado (13) tamb\u00e9m foi bom para B\u00e1rbara Domingos, a Babi, sexta colocada na fase classificat\u00f3ria da disputa individual, a melhor posi\u00e7\u00e3o de uma brasileira na hist\u00f3ria da Copa do Mundo. Ao totalizar 133.100 pontos, B\u00e1rbara avan\u00e7ou \u00e0s finais dos quatro aparelhos (bola, arco, ma\u00e7as e fita), programadas para ocorrer a partir das 8h (hor\u00e1rio de Bras\u00edlia) deste domingo (14).<\/p>\n<p>\u201cEla j\u00e1 competiu com tr\u00eas boas s\u00e9ries e alguma falha num ou noutro aparelho\u201d, disse M\u00e1rcia Naves, treinadora de Babi. \u201cO nosso trabalho foi feito com maestria e compet\u00eancia. Nos Jogos Ol\u00edmpicos, n\u00e3o basta ser especialista em um aparelho. A ginasta deve ser completa e est\u00e1vel nos quatro. \u00c9 isso que trabalhamos e \u00e9 isso que mostramos aqui\u201d, concluiu a t\u00e9cnica.<\/p>\n<p>*Com informa\u00e7\u00f5es de Ag\u00eancia Brasil<\/p>\n<\/div>\n","protected":false},"excerpt":{"rendered":"<p>Pa\u00eds volta a competir no domingo na etapa da Rom\u00eania da Copa do Mundo A 12 dias da Olimp\u00edada de Paris, a equipe brasileira de gin\u00e1stica r\u00edtmica faturou a medalha de prata na disputa do conjunto geral da etapa da Copa do Mundo em Cluj-Napoca (Rom\u00eania), \u00faltima competi\u00e7\u00e3o antes da abertura dos Jogos. Quem tamb\u00e9m [&hellip;]<\/p>\n","protected":false},"author":1,"featured_media":18980,"comment_status":"open","ping_status":"open","sticky":false,"template":"","format":"standard","meta":{"footnotes":""},"categories":[12],"tags":[],"class_list":{"0":"post-18979","1":"post","2":"type-post","3":"status-publish","4":"format-standard","5":"has-post-thumbnail","7":"category-esporte"},"_links":{"self":[{"href":"https:\/\/jm-metropole.com.br\/site\/wp-json\/wp\/v2\/posts\/18979","targetHints":{"allow":["GET"]}}],"collection":[{"href":"https:\/\/jm-metropole.com.br\/site\/wp-json\/wp\/v2\/posts"}],"about":[{"href":"https:\/\/jm-metropole.com.br\/site\/wp-json\/wp\/v2\/types\/post"}],"author":[{"embeddable":true,"href":"https:\/\/jm-metropole.com.br\/site\/wp-json\/wp\/v2\/users\/1"}],"replies":[{"embeddable":true,"href":"https:\/\/jm-metropole.com.br\/site\/wp-json\/wp\/v2\/comments?post=18979"}],"version-history":[{"count":1,"href":"https:\/\/jm-metropole.com.br\/site\/wp-json\/wp\/v2\/posts\/18979\/revisions"}],"predecessor-version":[{"id":18981,"href":"https:\/\/jm-metropole.com.br\/site\/wp-json\/wp\/v2\/posts\/18979\/revisions\/18981"}],"wp:featuredmedia":[{"embeddable":true,"href":"https:\/\/jm-metropole.com.br\/site\/wp-json\/wp\/v2\/media\/18980"}],"wp:attachment":[{"href":"https:\/\/jm-metropole.com.br\/site\/wp-json\/wp\/v2\/media?parent=18979"}],"wp:term":[{"taxonomy":"category","embeddable":true,"href":"https:\/\/jm-metropole.com.br\/site\/wp-json\/wp\/v2\/categories?post=18979"},{"taxonomy":"post_tag","embeddable":true,"href":"https:\/\/jm-metropole.com.br\/site\/wp-json\/wp\/v2\/tags?post=18979"}],"curies":[{"name":"wp","href":"https:\/\/api.w.org\/{rel}","templated":true}]}}