{"id":18976,"date":"2024-07-15T17:45:20","date_gmt":"2024-07-15T20:45:20","guid":{"rendered":"https:\/\/jm-metropole.com.br\/site\/?p=18976"},"modified":"2024-07-15T17:45:20","modified_gmt":"2024-07-15T20:45:20","slug":"casamento-comunitario-aruja-2024","status":"publish","type":"post","link":"https:\/\/jm-metropole.com.br\/site\/casamento-comunitario-aruja-2024\/","title":{"rendered":"Casamento Comunit\u00e1rio Aruj\u00e1 &#8211; 2024"},"content":{"rendered":"<p>Prefeitura Municipal de Aruj\u00e1, por meio do Fundo Social de Solidariedade, com o apoio da Secretaria Municipal de Assist\u00eancia Social e da C\u00e2mara Municipal de Aruj\u00e1.<\/p>\n<p>Foi uma cerim\u00f4nia bel\u00edssima, realizada dia 14 de Julho, no Espa\u00e7o Arujafest &#8211; Estrada do Corredor, n\u00b0 2659, Jardim M\u00f4nica, Aruj\u00e1, em um cen\u00e1rio id\u00edlico, em meio \u00e0 natureza e envolto em um clima de fantasia, com as noivas usando vestidos de princesas e com uma decora\u00e7\u00e3o e m\u00fasicas ao vivo \u00e0 altura do que os arujaenses merecem. Sem d\u00favida, um momento inesquec\u00edvel que ser\u00e1 lembrado para sempre na vida dos casais, amigos e familiares presentes \u00e0 ocasi\u00e3o especial. Essa foi a 3\u00aa edi\u00e7\u00e3o do Casamento Comunit\u00e1rio<\/p>\n<p>Servi\u00e7os prestados: O programa contemplou 41 noivos com o procedimento civil, com todas as despesas do cart\u00f3rio arcadas pela prefeitura. Destes, 33 optaram por participar da cerim\u00f4nia religiosa, que incluiu convites impressos e festa, com buffet de salgados, finger food, jantar, bolo e docinhos. Na parte da manh\u00e3, foi realizado no sal\u00e3o do Parque dos Ip\u00eas o Dia da Noiva, que incluiu caf\u00e9 da manh\u00e3, manicure, massagem, maquiagem, penteado e almo\u00e7o.<\/p>\n<p>Realiza\u00e7\u00e3o da Cerim\u00f4nia: A cerim\u00f4nia, presenciada por cerca de 500 pessoas, foi conduzida pelo Juiz de Paz, Claudinei Teixeira, ao lado do Padre Osmar dos Santos e do Pastor Rog\u00e9rio de Jesus. Todo o evento teve a trilha musical conduzida pela banda \u2018Central dos M\u00fasicos\u2019, com participa\u00e7\u00e3o especial do quarteto de Clarins da Orquestra Sinf\u00f4nica de Mogi das Cruzes para entoar a Marcha Nupcial, enquanto as noivas passavam por debaixo do arco de flores brancas, andando na passarela de espelhos. Ap\u00f3s a troca de alian\u00e7as e o aguardado \u201cSim\u201d, os casais receberam as certid\u00f5es de casamento civil e os noivos e noivas, bem como padrinhos, madrinhas e convidados foram conduzidos para o jantar. A celebra\u00e7\u00e3o contou ainda com um show da cantora Silvana Cardoso.<\/p>\n<p>Informa\u00e7\u00f5es adicionais: Os vestidos das noivas foram uma colabora\u00e7\u00e3o da Mans\u00e3o das Noivas, de S\u00e3o Paulo. Os buqu\u00eas foram produzidos pela Andr\u00e9ia de Barros. O buffet foi custeado com emenda or\u00e7ament\u00e1ria dos vereadores. Em parceria com a CR7 Ag\u00eancia de Viagens, foram sorteadas duas viagens para a Bahia; pela I. Sanchez, duas viagens para o litoral; e pela loja Universos, seis vouchers de compras. O Dia da Noiva foi realizado pelos seguintes volunt\u00e1rios: Sal\u00e3o Tha\u00eds Santos, Luizinho, J\u00f4 Sato, Thiago, Paulino, D\u2019ellis, Priscila, Thamires e Stefani.<\/p>\n","protected":false},"excerpt":{"rendered":"<p>Prefeitura Municipal de Aruj\u00e1, por meio do Fundo Social de Solidariedade, com o apoio da Secretaria Municipal de Assist\u00eancia Social e da C\u00e2mara Municipal de Aruj\u00e1. Foi uma cerim\u00f4nia bel\u00edssima, realizada dia 14 de Julho, no Espa\u00e7o Arujafest &#8211; Estrada do Corredor, n\u00b0 2659, Jardim M\u00f4nica, Aruj\u00e1, em um cen\u00e1rio id\u00edlico, em meio \u00e0 natureza [&hellip;]<\/p>\n","protected":false},"author":1,"featured_media":18977,"comment_status":"open","ping_status":"open","sticky":false,"template":"","format":"standard","meta":{"footnotes":""},"categories":[4],"tags":[],"class_list":{"0":"post-18976","1":"post","2":"type-post","3":"status-publish","4":"format-standard","5":"has-post-thumbnail","7":"category-aruja"},"_links":{"self":[{"href":"https:\/\/jm-metropole.com.br\/site\/wp-json\/wp\/v2\/posts\/18976","targetHints":{"allow":["GET"]}}],"collection":[{"href":"https:\/\/jm-metropole.com.br\/site\/wp-json\/wp\/v2\/posts"}],"about":[{"href":"https:\/\/jm-metropole.com.br\/site\/wp-json\/wp\/v2\/types\/post"}],"author":[{"embeddable":true,"href":"https:\/\/jm-metropole.com.br\/site\/wp-json\/wp\/v2\/users\/1"}],"replies":[{"embeddable":true,"href":"https:\/\/jm-metropole.com.br\/site\/wp-json\/wp\/v2\/comments?post=18976"}],"version-history":[{"count":1,"href":"https:\/\/jm-metropole.com.br\/site\/wp-json\/wp\/v2\/posts\/18976\/revisions"}],"predecessor-version":[{"id":18978,"href":"https:\/\/jm-metropole.com.br\/site\/wp-json\/wp\/v2\/posts\/18976\/revisions\/18978"}],"wp:featuredmedia":[{"embeddable":true,"href":"https:\/\/jm-metropole.com.br\/site\/wp-json\/wp\/v2\/media\/18977"}],"wp:attachment":[{"href":"https:\/\/jm-metropole.com.br\/site\/wp-json\/wp\/v2\/media?parent=18976"}],"wp:term":[{"taxonomy":"category","embeddable":true,"href":"https:\/\/jm-metropole.com.br\/site\/wp-json\/wp\/v2\/categories?post=18976"},{"taxonomy":"post_tag","embeddable":true,"href":"https:\/\/jm-metropole.com.br\/site\/wp-json\/wp\/v2\/tags?post=18976"}],"curies":[{"name":"wp","href":"https:\/\/api.w.org\/{rel}","templated":true}]}}