{"id":18973,"date":"2024-07-15T17:38:17","date_gmt":"2024-07-15T20:38:17","guid":{"rendered":"https:\/\/jm-metropole.com.br\/site\/?p=18973"},"modified":"2024-07-15T17:38:17","modified_gmt":"2024-07-15T20:38:17","slug":"mara-bertaiolli-lanca-fala-ai-para-elaborar-plano-de-governo-para-mogi-das-cruzes-sp","status":"publish","type":"post","link":"https:\/\/jm-metropole.com.br\/site\/mara-bertaiolli-lanca-fala-ai-para-elaborar-plano-de-governo-para-mogi-das-cruzes-sp\/","title":{"rendered":"Mara Bertaiolli lan\u00e7a &#8220;Fala A\u00ed&#8221; para elaborar plano de governo para Mogi das Cruzes-SP"},"content":{"rendered":"<p>Moradores podem enviar sugest\u00f5es sobre qualquer \u00e1rea da cidade, por meio da ferramenta on-line, que visa \u00e0 inclus\u00e3o e \u00e0 participa\u00e7\u00e3o popular<\/p>\n<p>A pr\u00e9-candidata a prefeita de Mogi das Cruzes-SP pelo PL, Mara Bertaiolli, e seu pr\u00e9-candidato a vice, T\u00e9o Cusatis (PSD), lan\u00e7aram a plataforma &#8220;Fala A\u00ed, Mogi&#8221;, para receberem demandas da popula\u00e7\u00e3o e, com elas, elaborar o plano de governo para a cidade. Para participar, o cidad\u00e3o deve acessar o site falaimogi.com.br e enviar sua sugest\u00e3o.<\/p>\n<p>Al\u00e9m disso, tamb\u00e9m est\u00e3o sendo realizadas, nos quatro cantos de Mogi, reuni\u00f5es presenciais, para o debate de temas importantes no dia a dia do munic\u00edpio. Os encontros acontecem com a presen\u00e7a de lideran\u00e7as pol\u00edticas regionais e de representantes da sociedade civil organizada.<\/p>\n<p>Nessas agendas, o cidad\u00e3o ainda tem \u00e0 disposi\u00e7\u00e3o um QR Code, disponibilizado tamb\u00e9m nas redes sociais, para acessar e compartilhar suas impress\u00f5es sobre a cidade e sugest\u00f5es &#8211; da Sa\u00fade \u00e0 Educa\u00e7\u00e3o, da Seguran\u00e7a P\u00fablica \u00e0 Infraestrutura, da Mobilidade Urbana ao Desenvolvimento Econ\u00f4mico. \u00c9 poss\u00edvel ao mogiano, inclusive, inserir quantas propostas quiser e em mais de uma seara.<\/p>\n<p>Com uma era mais tecnol\u00f3gica, incluir no processo eleitoral instrumentos que ampliem a participa\u00e7\u00e3o da popula\u00e7\u00e3o \u00e9 uma forma de alcan\u00e7ar, de fato, a realidade e a necessidade dos cidad\u00e3os, conforme defende Mara:<\/p>\n<p>\u201cO \u2018Fala A\u00ed, Mogi\u2019 \u00e9 uma importante ferramenta de participa\u00e7\u00e3o e que est\u00e1 aliada a uma proposta de gest\u00e3o moderna e democr\u00e1tica. Vamos construir juntos o nosso plano de governo &#8211; n\u00f3s e a popula\u00e7\u00e3o. Essa \u00e9 uma oportunidade que o mogiano tem para participar com a gente e fazer de Mogi mais inclusiva e humanizada&#8221;, pontua.<\/p>\n<p>Segundo Cusatis, dentro de alguns dias, ser\u00e1 nomeado o coordenador-geral do plano de governo e definidas as datas para os eventos regionais, que devem acontecer nos distritos de Jundiapeba, de Taia\u00e7upeba, de Br\u00e1s Cubas e de C\u00e9sar de Souza, bem como no centro expandido de Mogi.<\/p>\n<p>Especialistas de cada \u00e1rea tamb\u00e9m ser\u00e3o convidados para participarem das discuss\u00f5es e, igualmente, colaborarem com recomenda\u00e7\u00f5es t\u00e9cnicas:<\/p>\n<p>\u201cMogi tem grandes voca\u00e7\u00f5es, mas, hoje, n\u00e3o tem planejamento, nem gest\u00e3o. E o melhor plano para a cidade passa por ouvir primeiro a popula\u00e7\u00e3o &#8211; o cidad\u00e3o que conhece e vivencia os servi\u00e7os do munic\u00edpio e seus desafios\u201d, refor\u00e7a o pr\u00e9-candidato a vice e que coleciona grande experi\u00eancia em Sa\u00fade P\u00fablica.<\/p>\n<p>Alian\u00e7a forte para mudar Mogi<br \/>\nAl\u00e9m do PL e do PSD, a alian\u00e7a que vai disputar a majorit\u00e1ria em Mogi das Cruzes e que \u00e9 liderada por Mara e Cusatis abarca os partidos Republicanos, Uni\u00e3o Brasil, MDB e Progressistas. No total, a frente ampla conta com 144 pr\u00e9-candidatos a vereador.<\/p>\n","protected":false},"excerpt":{"rendered":"<p>Moradores podem enviar sugest\u00f5es sobre qualquer \u00e1rea da cidade, por meio da ferramenta on-line, que visa \u00e0 inclus\u00e3o e \u00e0 participa\u00e7\u00e3o popular A pr\u00e9-candidata a prefeita de Mogi das Cruzes-SP pelo PL, Mara Bertaiolli, e seu pr\u00e9-candidato a vice, T\u00e9o Cusatis (PSD), lan\u00e7aram a plataforma &#8220;Fala A\u00ed, Mogi&#8221;, para receberem demandas da popula\u00e7\u00e3o e, com [&hellip;]<\/p>\n","protected":false},"author":1,"featured_media":18974,"comment_status":"open","ping_status":"open","sticky":false,"template":"","format":"standard","meta":{"footnotes":""},"categories":[10],"tags":[],"class_list":{"0":"post-18973","1":"post","2":"type-post","3":"status-publish","4":"format-standard","5":"has-post-thumbnail","7":"category-mogi-das-cruzes"},"_links":{"self":[{"href":"https:\/\/jm-metropole.com.br\/site\/wp-json\/wp\/v2\/posts\/18973","targetHints":{"allow":["GET"]}}],"collection":[{"href":"https:\/\/jm-metropole.com.br\/site\/wp-json\/wp\/v2\/posts"}],"about":[{"href":"https:\/\/jm-metropole.com.br\/site\/wp-json\/wp\/v2\/types\/post"}],"author":[{"embeddable":true,"href":"https:\/\/jm-metropole.com.br\/site\/wp-json\/wp\/v2\/users\/1"}],"replies":[{"embeddable":true,"href":"https:\/\/jm-metropole.com.br\/site\/wp-json\/wp\/v2\/comments?post=18973"}],"version-history":[{"count":1,"href":"https:\/\/jm-metropole.com.br\/site\/wp-json\/wp\/v2\/posts\/18973\/revisions"}],"predecessor-version":[{"id":18975,"href":"https:\/\/jm-metropole.com.br\/site\/wp-json\/wp\/v2\/posts\/18973\/revisions\/18975"}],"wp:featuredmedia":[{"embeddable":true,"href":"https:\/\/jm-metropole.com.br\/site\/wp-json\/wp\/v2\/media\/18974"}],"wp:attachment":[{"href":"https:\/\/jm-metropole.com.br\/site\/wp-json\/wp\/v2\/media?parent=18973"}],"wp:term":[{"taxonomy":"category","embeddable":true,"href":"https:\/\/jm-metropole.com.br\/site\/wp-json\/wp\/v2\/categories?post=18973"},{"taxonomy":"post_tag","embeddable":true,"href":"https:\/\/jm-metropole.com.br\/site\/wp-json\/wp\/v2\/tags?post=18973"}],"curies":[{"name":"wp","href":"https:\/\/api.w.org\/{rel}","templated":true}]}}