{"id":18970,"date":"2024-07-15T16:29:50","date_gmt":"2024-07-15T19:29:50","guid":{"rendered":"https:\/\/jm-metropole.com.br\/site\/?p=18970"},"modified":"2024-07-15T16:29:50","modified_gmt":"2024-07-15T19:29:50","slug":"mp-autoriza-transferencia-de-recursos-para-reforma-de-escolas-no-rs-fonte-agencia-senado","status":"publish","type":"post","link":"https:\/\/jm-metropole.com.br\/site\/mp-autoriza-transferencia-de-recursos-para-reforma-de-escolas-no-rs-fonte-agencia-senado\/","title":{"rendered":"MP autoriza transfer\u00eancia de recursos para reforma de escolas no RS  Fonte: Ag\u00eancia Senado"},"content":{"rendered":"<div id=\"boxLateralMateria\" class=\"col-md-3 hidden-xs hidden-sm u-noPrint\">\n<aside role=\"complementary\">\n<div class=\"saiba-mais\">\n<div class=\"painel painel-base painel-links\">\n<div class=\"painel-cabecalho\">\n<h4>O governo federal editou uma medida provis\u00f3ria, a <a style=\"font-family: Verdana, BlinkMacSystemFont, -apple-system, 'Segoe UI', Roboto, Oxygen, Ubuntu, Cantarell, 'Open Sans', 'Helvetica Neue', sans-serif; font-size: 15px;\" href=\"https:\/\/www.congressonacional.leg.br\/materias\/medidas-provisorias\/-\/mpv\/164713\" target=\"_blank\" rel=\"noopener\">MP 1.242\/2024<\/a><span style=\"color: #222222; font-family: Verdana, BlinkMacSystemFont, -apple-system, 'Segoe UI', Roboto, Oxygen, Ubuntu, Cantarell, 'Open Sans', 'Helvetica Neue', sans-serif; font-size: 15px;\">, que o autoriza a\u00a0transferir recursos financeiros para viabilizar a reforma de escolas p\u00fablicas de educa\u00e7\u00e3o b\u00e1sica no Rio Grande do Sul. A medida, publicada no <\/span><em style=\"color: #222222; font-family: Verdana, BlinkMacSystemFont, -apple-system, 'Segoe UI', Roboto, Oxygen, Ubuntu, Cantarell, 'Open Sans', 'Helvetica Neue', sans-serif; font-size: 15px;\">Di\u00e1rio Oficial da Uni\u00e3o<\/em><span style=\"color: #222222; font-family: Verdana, BlinkMacSystemFont, -apple-system, 'Segoe UI', Roboto, Oxygen, Ubuntu, Cantarell, 'Open Sans', 'Helvetica Neue', sans-serif; font-size: 15px;\"> de sexta-feira (12), visa beneficiar as unidades que tiveram suas estruturas comprometidas em raz\u00e3o das enchentes que atingiram o estado.<\/span><span class=\"Apple-converted-space\" style=\"color: #222222; font-family: Verdana, BlinkMacSystemFont, -apple-system, 'Segoe UI', Roboto, Oxygen, Ubuntu, Cantarell, 'Open Sans', 'Helvetica Neue', sans-serif; font-size: 15px;\">\u00a0<\/span><\/h4>\n<\/div>\n<\/div>\n<\/div>\n<\/aside>\n<\/div>\n<div id=\"textoMateria\">\n<p>De acordo com o texto, ter\u00e3o acesso a esses recursos as escolas p\u00fablicas da educa\u00e7\u00e3o b\u00e1sica localizadas em \u00e1reas efetivamente atingidas nos munic\u00edpios com estado de calamidade p\u00fablica ou situa\u00e7\u00e3o de emerg\u00eancia reconhecido pelo governo federal, conforme delimita\u00e7\u00e3o georreferenciada, nos termos estabelecidos em resolu\u00e7\u00e3o do Conselho Deliberativo do Fundo Nacional de Desenvolvimento da Educa\u00e7\u00e3o (FNDE).<b><\/b><\/p>\n<p>O repasse de recursos ficar\u00e1 condicionado \u00e0 assinatura de termo de compromisso por parte do estado do Rio Grande do Sul ou dos munic\u00edpios, nos termos estabelecidos em resolu\u00e7\u00e3o do Conselho Deliberativo do FNDE.<\/p>\n<p>Os recursos ser\u00e3o repassados em car\u00e1ter emergencial nos termos do <a href=\"https:\/\/legis.senado.leg.br\/norma\/38454538\" target=\"_blank\" rel=\"noopener\">Decreto Legislativo n\u00ba 36, de 7 de maio de 2024 <\/a>.<\/p>\n<p>As despesas decorrentes dessa medida provis\u00f3ria s\u00e3o de natureza discricion\u00e1ria e ser\u00e3o cobertas pelas dota\u00e7\u00f5es or\u00e7ament\u00e1rias do Minist\u00e9rio da Educa\u00e7\u00e3o, mediante previs\u00e3o or\u00e7ament\u00e1ria, em a\u00e7\u00e3o or\u00e7ament\u00e1ria espec\u00edfica.<\/p>\n<p>Ainda conforme o texto, o Conselho Deliberativo do FNDE editar\u00e1 as normas complementares necess\u00e1rias e os recursos financeiros n\u00e3o utilizados ou disponibilizados indevidamente ser\u00e3o revertidos \u00e0 Uni\u00e3o, sem preju\u00edzo de outras medidas cab\u00edveis.<\/p>\n<\/div>\n<p>Fonte: Ag\u00eancia Senado<\/p>\n","protected":false},"excerpt":{"rendered":"<p>O governo federal editou uma medida provis\u00f3ria, a MP 1.242\/2024, que o autoriza a\u00a0transferir recursos financeiros para viabilizar a reforma de escolas p\u00fablicas de educa\u00e7\u00e3o b\u00e1sica no Rio Grande do Sul. A medida, publicada no Di\u00e1rio Oficial da Uni\u00e3o de sexta-feira (12), visa beneficiar as unidades que tiveram suas estruturas comprometidas em raz\u00e3o das enchentes [&hellip;]<\/p>\n","protected":false},"author":1,"featured_media":18971,"comment_status":"open","ping_status":"open","sticky":false,"template":"","format":"standard","meta":{"footnotes":""},"categories":[1],"tags":[],"class_list":{"0":"post-18970","1":"post","2":"type-post","3":"status-publish","4":"format-standard","5":"has-post-thumbnail","7":"category-tudo"},"_links":{"self":[{"href":"https:\/\/jm-metropole.com.br\/site\/wp-json\/wp\/v2\/posts\/18970","targetHints":{"allow":["GET"]}}],"collection":[{"href":"https:\/\/jm-metropole.com.br\/site\/wp-json\/wp\/v2\/posts"}],"about":[{"href":"https:\/\/jm-metropole.com.br\/site\/wp-json\/wp\/v2\/types\/post"}],"author":[{"embeddable":true,"href":"https:\/\/jm-metropole.com.br\/site\/wp-json\/wp\/v2\/users\/1"}],"replies":[{"embeddable":true,"href":"https:\/\/jm-metropole.com.br\/site\/wp-json\/wp\/v2\/comments?post=18970"}],"version-history":[{"count":1,"href":"https:\/\/jm-metropole.com.br\/site\/wp-json\/wp\/v2\/posts\/18970\/revisions"}],"predecessor-version":[{"id":18972,"href":"https:\/\/jm-metropole.com.br\/site\/wp-json\/wp\/v2\/posts\/18970\/revisions\/18972"}],"wp:featuredmedia":[{"embeddable":true,"href":"https:\/\/jm-metropole.com.br\/site\/wp-json\/wp\/v2\/media\/18971"}],"wp:attachment":[{"href":"https:\/\/jm-metropole.com.br\/site\/wp-json\/wp\/v2\/media?parent=18970"}],"wp:term":[{"taxonomy":"category","embeddable":true,"href":"https:\/\/jm-metropole.com.br\/site\/wp-json\/wp\/v2\/categories?post=18970"},{"taxonomy":"post_tag","embeddable":true,"href":"https:\/\/jm-metropole.com.br\/site\/wp-json\/wp\/v2\/tags?post=18970"}],"curies":[{"name":"wp","href":"https:\/\/api.w.org\/{rel}","templated":true}]}}