{"id":18690,"date":"2024-07-02T14:34:52","date_gmt":"2024-07-02T17:34:52","guid":{"rendered":"https:\/\/jm-metropole.com.br\/site\/?p=18690"},"modified":"2024-07-02T14:34:52","modified_gmt":"2024-07-02T17:34:52","slug":"lancamento-do-livro-um-bule-de-cafe-e-muitas-historias-para-contar-de-aparecido-campos-cidao","status":"publish","type":"post","link":"https:\/\/jm-metropole.com.br\/site\/lancamento-do-livro-um-bule-de-cafe-e-muitas-historias-para-contar-de-aparecido-campos-cidao\/","title":{"rendered":"Lan\u00e7amento do Livro &#8220;Um Bule de Caf\u00e9 e Muitas Hist\u00f3rias para Contar&#8221; de Aparecido Campos (Cid\u00e3o)"},"content":{"rendered":"<p>No pr\u00f3ximo s\u00e1bado, 06 de julho de 2024, Santa Isabel ter\u00e1 lan\u00e7amento do livro &#8220;Um Bule de Caf\u00e9 e Muitas Hist\u00f3rias para Contar&#8221;, do talentoso cartunista local, Aparecido Campos, mais conhecido como Cid\u00e3o. O evento acontecer\u00e1 no restaurante Casebre, localizado na Rua C\u00f4nego Bicudo, 170, no centro da cidade, das 14h \u00e0s 16h.<\/p>\n<p>O livro \u00e9 uma obra que mescla uma pequena biografia do autor com hist\u00f3rias in\u00e9ditas e cativantes que nunca foram publicadas antes. Cid\u00e3o, um artista de Santa Isabel, se destaca por suas ilustra\u00e7\u00f5es e narrativas envolventes que refletem suas aventuras pessoais e a vida cotidiana de maneira \u00fanica.<\/p>\n<p>Segundo o pr\u00f3prio autor, a motiva\u00e7\u00e3o para criar o livro veio do desejo de transformar suas hist\u00f3rias em quadrinhos, um sonho que contou com o valioso apoio do Com\u00e9rcio Isabelense e de muitos amigos. &#8220;Sem esses amigos, nada disso ia acontecer&#8221;, comenta Cid\u00e3o, evidenciando a import\u00e2ncia da comunidade em seu projeto.<\/p>\n<p>O processo de cria\u00e7\u00e3o do livro durou cinco meses, per\u00edodo em que Cid\u00e3o se dedicou a escrever o roteiro e buscar apoio dos amigos e comerciantes locais. O resultado desse esfor\u00e7o coletivo foi um livro que j\u00e1 est\u00e1 sendo bem recebido pelo p\u00fablico e est\u00e1 dispon\u00edvel para venda nas bancas da cidade e diretamente com o autor.<\/p>\n<p>Al\u00e9m de ser um marco na carreira de Cid\u00e3o, que sempre trabalhou com tirinhas e agora se aventura em hist\u00f3rias mais longas, o livro tamb\u00e9m possui um impacto social significativo. Parte das vendas est\u00e1 sendo revertida em material de desenho para crian\u00e7as carentes e autistas, beneficiando o projeto social que o autor mant\u00e9m, onde oferece cursos de desenho para crian\u00e7as.<\/p>\n<p>O lan\u00e7amento do livro no restaurante Casebre promete ser um evento memor\u00e1vel, proporcionando a todos a oportunidade de conhecer Cid\u00e3o pessoalmente, adquirir um exemplar autografado e apoiar uma causa nobre.<\/p>\n<p>SERVI\u00c7O:<br \/>\nLan\u00e7amento do Livro &#8220;Um Bule de Caf\u00e9 e Muitas Hist\u00f3rias para Contar&#8221;<\/p>\n<p>Data: 06\/07\/2024, s\u00e1bado<br \/>\nHor\u00e1rio: das 14h \u00e0s 16h<br \/>\nLocal: Restaurante Casebre<br \/>\nEndere\u00e7o: Rua C\u00f4nego Bicudo, 170, Centro, Santa Isabel<\/p>\n","protected":false},"excerpt":{"rendered":"<p>No pr\u00f3ximo s\u00e1bado, 06 de julho de 2024, Santa Isabel ter\u00e1 lan\u00e7amento do livro &#8220;Um Bule de Caf\u00e9 e Muitas Hist\u00f3rias para Contar&#8221;, do talentoso cartunista local, Aparecido Campos, mais conhecido como Cid\u00e3o. O evento acontecer\u00e1 no restaurante Casebre, localizado na Rua C\u00f4nego Bicudo, 170, no centro da cidade, das 14h \u00e0s 16h. O livro [&hellip;]<\/p>\n","protected":false},"author":1,"featured_media":18691,"comment_status":"open","ping_status":"open","sticky":false,"template":"","format":"standard","meta":{"footnotes":""},"categories":[5],"tags":[],"class_list":{"0":"post-18690","1":"post","2":"type-post","3":"status-publish","4":"format-standard","5":"has-post-thumbnail","7":"category-santa-isabel"},"_links":{"self":[{"href":"https:\/\/jm-metropole.com.br\/site\/wp-json\/wp\/v2\/posts\/18690","targetHints":{"allow":["GET"]}}],"collection":[{"href":"https:\/\/jm-metropole.com.br\/site\/wp-json\/wp\/v2\/posts"}],"about":[{"href":"https:\/\/jm-metropole.com.br\/site\/wp-json\/wp\/v2\/types\/post"}],"author":[{"embeddable":true,"href":"https:\/\/jm-metropole.com.br\/site\/wp-json\/wp\/v2\/users\/1"}],"replies":[{"embeddable":true,"href":"https:\/\/jm-metropole.com.br\/site\/wp-json\/wp\/v2\/comments?post=18690"}],"version-history":[{"count":1,"href":"https:\/\/jm-metropole.com.br\/site\/wp-json\/wp\/v2\/posts\/18690\/revisions"}],"predecessor-version":[{"id":18692,"href":"https:\/\/jm-metropole.com.br\/site\/wp-json\/wp\/v2\/posts\/18690\/revisions\/18692"}],"wp:featuredmedia":[{"embeddable":true,"href":"https:\/\/jm-metropole.com.br\/site\/wp-json\/wp\/v2\/media\/18691"}],"wp:attachment":[{"href":"https:\/\/jm-metropole.com.br\/site\/wp-json\/wp\/v2\/media?parent=18690"}],"wp:term":[{"taxonomy":"category","embeddable":true,"href":"https:\/\/jm-metropole.com.br\/site\/wp-json\/wp\/v2\/categories?post=18690"},{"taxonomy":"post_tag","embeddable":true,"href":"https:\/\/jm-metropole.com.br\/site\/wp-json\/wp\/v2\/tags?post=18690"}],"curies":[{"name":"wp","href":"https:\/\/api.w.org\/{rel}","templated":true}]}}