{"id":15380,"date":"2024-02-05T09:30:48","date_gmt":"2024-02-05T12:30:48","guid":{"rendered":"https:\/\/jm-metropole.com.br\/site\/?p=15380"},"modified":"2024-02-05T09:30:48","modified_gmt":"2024-02-05T12:30:48","slug":"em-reuniao-com-o-governador-tarcisio-de-freitas-boigues-solicita-instalacao-de-ame-e-reforma-de-estacoes-em-itaqua","status":"publish","type":"post","link":"https:\/\/jm-metropole.com.br\/site\/em-reuniao-com-o-governador-tarcisio-de-freitas-boigues-solicita-instalacao-de-ame-e-reforma-de-estacoes-em-itaqua\/","title":{"rendered":"Em reuni\u00e3o com o governador Tarc\u00edsio de Freitas, Boigues solicita instala\u00e7\u00e3o de AME e reforma de esta\u00e7\u00f5es em Itaqu\u00e1"},"content":{"rendered":"<p>Prefeito participou de reuni\u00e3o com o governador e o presidente da Alesp<\/p>\n<p>O prefeito de Itaquaquecetuba, Eduardo Boigues, se reuniu com o governador Tarc\u00edsio de Freitas nesta semana para solicitar a instala\u00e7\u00e3o de uma unidade do Ambulat\u00f3rio M\u00e9dico de Especialidades (AME) e a celeridade na reforma das esta\u00e7\u00f5es da Companhia Paulista de Trens Metropolitanos (CPTM) na cidade.<\/p>\n<p>&#8220;Estamos come\u00e7ando 2024 muito bem, na sala do governador Tarc\u00edsio de Freitas. Viemos tratar de quest\u00f5es fundamentais para o desenvolvimento de Itaqu\u00e1, como a instala\u00e7\u00e3o de um AME, a reforma das esta\u00e7\u00f5es da cidade, al\u00e9m de infraestrutura e mobilidade&#8221;, explicou o prefeito.<\/p>\n<p>Assim como a esta\u00e7\u00e3o Manoel Feio, a esta\u00e7\u00e3o Aracar\u00e9 tamb\u00e9m est\u00e1 sendo reformada pelo governo estadual. J\u00e1 o Terminal Urbano Manoel Feio e a pra\u00e7a ao lado est\u00e3o recebendo melhorias da prefeitura.<\/p>\n<p>O encontro contou com a presen\u00e7a do deputado estadual e presidente da Assembleia Legislativa do Estado de S\u00e3o Paulo (Alesp), Andr\u00e9 do Prado, e na ocasi\u00e3o, Boigues entregou uma camisa do Aster Itaqu\u00e1 para cada.<\/p>\n<p>Em sua fala, o governador relembrou o T\u00edtulo de Cidad\u00e3o Itaquaquecetubense que recebeu em junho de 2022. A honraria foi entregue em sess\u00e3o solene realizada na Associa\u00e7\u00e3o Comercial e Industrial de Itaquaquecetuba (Acidi).<\/p>\n<p>&#8220;Eu sou cidad\u00e3o de Itaqu\u00e1, uma coisa importante. Vamos finalizar a esta\u00e7\u00e3o Manoel Feio e inaugurar em breve. Tem um aditivo que vamos fazer pra fechar a parte financeira e conseguir entregar. Al\u00e9m disso, Itaqu\u00e1 n\u00e3o pode ser um munic\u00edpio do porte que \u00e9 sem um AME, ent\u00e3o vamos levar o AME pra l\u00e1&#8221;, disse o governador.<\/p>\n<p>Tamb\u00e9m nesta semana, ocorreu o encontro com o secret\u00e1rio de Estado de Transportes Metropolitanos, Marco Antonio Assalve, e o prefeito aproveitou para tratar sobre o andamento das obras das esta\u00e7\u00f5es da cidade, incluindo a da esta\u00e7\u00e3o Itaquaquecetuba, que ainda n\u00e3o come\u00e7ou.<\/p>\n<p>O secret\u00e1rio estadual reafirmou o compromisso do aditivo para a obra do Manoel Feio. &#8220;S\u00f3 vamos viabilizar a documenta\u00e7\u00e3o e cumprir o prazo que hav\u00edamos estipulado, que seria abril, no m\u00e1ximo em maio, para terminar&#8221;, declarou.<\/p>\n","protected":false},"excerpt":{"rendered":"<p>Prefeito participou de reuni\u00e3o com o governador e o presidente da Alesp O prefeito de Itaquaquecetuba, Eduardo Boigues, se reuniu com o governador Tarc\u00edsio de Freitas nesta semana para solicitar a instala\u00e7\u00e3o de uma unidade do Ambulat\u00f3rio M\u00e9dico de Especialidades (AME) e a celeridade na reforma das esta\u00e7\u00f5es da Companhia Paulista de Trens Metropolitanos (CPTM) [&hellip;]<\/p>\n","protected":false},"author":1,"featured_media":15381,"comment_status":"open","ping_status":"open","sticky":false,"template":"","format":"standard","meta":{"footnotes":""},"categories":[6],"tags":[],"class_list":{"0":"post-15380","1":"post","2":"type-post","3":"status-publish","4":"format-standard","5":"has-post-thumbnail","7":"category-itaqua"},"_links":{"self":[{"href":"https:\/\/jm-metropole.com.br\/site\/wp-json\/wp\/v2\/posts\/15380","targetHints":{"allow":["GET"]}}],"collection":[{"href":"https:\/\/jm-metropole.com.br\/site\/wp-json\/wp\/v2\/posts"}],"about":[{"href":"https:\/\/jm-metropole.com.br\/site\/wp-json\/wp\/v2\/types\/post"}],"author":[{"embeddable":true,"href":"https:\/\/jm-metropole.com.br\/site\/wp-json\/wp\/v2\/users\/1"}],"replies":[{"embeddable":true,"href":"https:\/\/jm-metropole.com.br\/site\/wp-json\/wp\/v2\/comments?post=15380"}],"version-history":[{"count":1,"href":"https:\/\/jm-metropole.com.br\/site\/wp-json\/wp\/v2\/posts\/15380\/revisions"}],"predecessor-version":[{"id":15382,"href":"https:\/\/jm-metropole.com.br\/site\/wp-json\/wp\/v2\/posts\/15380\/revisions\/15382"}],"wp:featuredmedia":[{"embeddable":true,"href":"https:\/\/jm-metropole.com.br\/site\/wp-json\/wp\/v2\/media\/15381"}],"wp:attachment":[{"href":"https:\/\/jm-metropole.com.br\/site\/wp-json\/wp\/v2\/media?parent=15380"}],"wp:term":[{"taxonomy":"category","embeddable":true,"href":"https:\/\/jm-metropole.com.br\/site\/wp-json\/wp\/v2\/categories?post=15380"},{"taxonomy":"post_tag","embeddable":true,"href":"https:\/\/jm-metropole.com.br\/site\/wp-json\/wp\/v2\/tags?post=15380"}],"curies":[{"name":"wp","href":"https:\/\/api.w.org\/{rel}","templated":true}]}}